	
    {"id":20626,"date":"2020-12-23T13:36:52","date_gmt":"2020-12-23T12:36:52","guid":{"rendered":"https:\/\/colosseo.it\/?p=20626"},"modified":"2021-01-08T13:37:31","modified_gmt":"2021-01-08T12:37:31","slug":"trame-tracce-di-memoria","status":"publish","type":"post","link":"https:\/\/colosseo.it\/en\/2020\/12\/trame-tracce-di-memoria\/","title":{"rendered":"TRAME &#8211; TRACCE DI MEMORIA"},"content":{"rendered":"<div align=\"justify\"><span style=\"font-family: Calibri,sans-serif; font-size: small;\"><span style=\"font-family: Times New Roman,serif; font-size: medium;\">The\u00a0year behind us was full of challenges\u00a0and brought many changes to our lives. It forced\u00a0us to adapt to the new\u00a0circumstances and find\u00a0new\u00a0ways of doing\u00a0old\u00a0things. However, it\u00a0provided us\u00a0more time to learn and develop new skills &#8211; we finally had the opportunity\u00a0to improve ourselves. More than ever before, we got\u00a0to spend more time with our families and share some truly precious moments.\u00a0<\/span><\/span><\/div>\n<div align=\"justify\"><span style=\"font-family: Calibri,sans-serif; font-size: small;\"><span style=\"font-family: Times New Roman,serif; font-size: medium;\">For Parco archeologico del Colosseo, coordinator of the TRAME Project, and for all the partners, 2020 was momentous. We got the opportunity\u00a0to start our journey, to meet and cooperate with people of many different cultures, professional experience and expertise. We got the chance to share our work and to help others to better understand and appreciate the benefits of diversity, when we are all working\u00a0together towards the common goal.\u00a0These are exactly the lessons of the past which we wish to young generations and share with the public.<\/span><\/span><\/div>\n<div align=\"justify\"><span style=\"font-family: Calibri,sans-serif; font-size: small;\"><span style=\"font-family: Times New Roman,serif; font-size: medium;\">We are entering the new year with optimism,\u00a0knowing that our first results were welcomed and encouraged by the public and professional audience.\u00a0TRAME is well equipped\u00a0with all the new tools,\u00a0enthusiastic project staff and creative force led by high school pupils. 2021 is coming and the TRAME team is ready for it!<\/span><\/span><\/div>\n<div align=\"justify\">\n<p>We wish you a\u00a0 Merry Christmas and a HAPPY NEW\u00a0YEAR<\/p>\n<p>Vi auguriamo Buon Natale\u00a0e Felice Anno Nuovo<\/p>\n<p>Kellemes Kar\u00e1csonyt\u00a0\u00e9s Boldog \u00daj \u00c9vet<\/p>\n<p>Yeni y\u0131l\u0131n\u0131z kutlu olsun<\/p>\n<p>Weso\u0142ych \u015awi\u0105t i Szcz\u0119\u015bliwego Nowego Roku!<\/p>\n<p>Sre\u0107an Bo\u017ei\u0107 i Sre\u0107na Nova Godina<\/p>\n<\/div>\n<p><span id=\"sample-permalink\"><a href=\"https:\/\/colosseo.it\/2020\/09\/progetto-trame-tracce-di-memoria\/\">https:\/\/colosseo.it\/2020\/09\/<span id=\"editable-post-name\">progetto-trame-tracce-di-memoria<\/span>\/<\/a><\/span>\u00a0\u200e<\/p>\n","protected":false},"excerpt":{"rendered":"<p>The\u00a0year behind us was full of challenges\u00a0and brought many changes to our lives. It forced\u00a0us to adapt to the new\u00a0circumstances and find\u00a0new\u00a0ways of doing\u00a0old\u00a0things. However, it\u00a0provided us\u00a0more time to learn and develop new skills &#8211; we finally had the opportunity\u00a0to improve ourselves. More than ever before, we got\u00a0to spend more time with our families and<a class=\"excerpt-read-more\" href=\"https:\/\/colosseo.it\/en\/2020\/12\/trame-tracce-di-memoria\/\" title=\"ReadTRAME &#8211; TRACCE DI MEMORIA\">&#8230; Read more &raquo;<\/a><\/p>\n","protected":false},"author":13,"featured_media":20598,"comment_status":"closed","ping_status":"closed","sticky":false,"template":"","format":"standard","meta":[],"categories":[26],"tags":[],"acf":[],"_links":{"self":[{"href":"https:\/\/colosseo.it\/en\/wp-json\/wp\/v2\/posts\/20626"}],"collection":[{"href":"https:\/\/colosseo.it\/en\/wp-json\/wp\/v2\/posts"}],"about":[{"href":"https:\/\/colosseo.it\/en\/wp-json\/wp\/v2\/types\/post"}],"author":[{"embeddable":true,"href":"https:\/\/colosseo.it\/en\/wp-json\/wp\/v2\/users\/13"}],"replies":[{"embeddable":true,"href":"https:\/\/colosseo.it\/en\/wp-json\/wp\/v2\/comments?post=20626"}],"version-history":[{"count":5,"href":"https:\/\/colosseo.it\/en\/wp-json\/wp\/v2\/posts\/20626\/revisions"}],"predecessor-version":[{"id":20636,"href":"https:\/\/colosseo.it\/en\/wp-json\/wp\/v2\/posts\/20626\/revisions\/20636"}],"wp:featuredmedia":[{"embeddable":true,"href":"https:\/\/colosseo.it\/en\/wp-json\/wp\/v2\/media\/20598"}],"wp:attachment":[{"href":"https:\/\/colosseo.it\/en\/wp-json\/wp\/v2\/media?parent=20626"}],"wp:term":[{"taxonomy":"category","embeddable":true,"href":"https:\/\/colosseo.it\/en\/wp-json\/wp\/v2\/categories?post=20626"},{"taxonomy":"post_tag","embeddable":true,"href":"https:\/\/colosseo.it\/en\/wp-json\/wp\/v2\/tags?post=20626"}],"curies":[{"name":"wp","href":"https:\/\/api.w.org\/{rel}","templated":true}]}}