	
    {"id":6074,"date":"2019-09-11T22:35:45","date_gmt":"2019-09-11T20:35:45","guid":{"rendered":"https:\/\/colosseo.it\/?p=6074"},"modified":"2019-09-12T10:16:10","modified_gmt":"2019-09-12T08:16:10","slug":"newsletter-september-2019","status":"publish","type":"post","link":"https:\/\/colosseo.it\/en\/2019\/09\/newsletter-september-2019\/","title":{"rendered":"NEWSLETTER SEPTEMBER 2019"},"content":{"rendered":"<p><strong>NEWSLETTER SEPTEMBER 2019<\/strong><\/p>\n<p><strong>12 September<\/strong><\/p>\n<p><strong>16:30<\/strong><\/p>\n<p>Curia Iulia in the Roman Forum<\/p>\n<p><strong>RADICI CLASSICHE: alle origini del femminile (CLASSICAL ROOTS: origins of the feminine)<\/strong><\/p>\n<p>From 12 September to 31 October 2019<\/p>\n<p>For \u201cPArCo Thursdays\u201d<\/p>\n<p>Alfonsina Russo and Andrea Giardina present a series of seven conferences that compare the representations and lives of women in Roman society with women in the centuries to follow.<\/p>\n<p>Followed by<\/p>\n<p><strong>MADRI MOGLIE E CITTADINE ESEMPLARI (MOTHERS, WIVES AND MODEL CITIZENS)<\/strong><\/p>\n<p>Conference with Francesca Cenerini and Simonetta Soldani<\/p>\n<p>&nbsp;<\/p>\n<p><strong>19 September<\/strong><\/p>\n<p><strong>16:30<\/strong><\/p>\n<p>Curia Iulia in the Roman Forum<\/p>\n<p><strong>RADICI CLASSICHE: alle origini del femminile (CLASSICAL ROOTS: origins of the feminine)<\/strong><\/p>\n<p>For \u201cPArCo Thursdays\u201d<\/p>\n<p><strong>L\u2019ONORE DELLA CITT\u00c0: VESTALI, RELIGIOSE E MONASTERI (THE HONOR OF THE CITY: VESTALS, HOLY WOMEN AND MONASTERIES)<\/strong><\/p>\n<p>Conference with Alessandro D\u2019Alessio and Elisa Novi Chavarria<\/p>\n<p>&nbsp;<\/p>\n<p><strong>21 September<\/strong><\/p>\n<p><strong>20:00 \u2013 23:00<\/strong><\/p>\n<p>Special opening of the Basilica of Maxentius<\/p>\n<p><strong>EUROPEAN HERITAGE DAYS<\/strong><\/p>\n<p><strong>\u201cOne, two, three\u2026 Art! \u2013 Culture and Heritage\u201d<\/strong><\/p>\n<p><strong>21:00<\/strong><\/p>\n<p><strong>PERFORMANCE OF THE CARABINIERI MUSIC BAND<\/strong><\/p>\n<p>Entrance with the symbolic fee of 1\u20ac<\/p>\n<p>&nbsp;<\/p>\n<p><strong>21 \u2013 22 September<\/strong><\/p>\n<p><strong>10:00 \u2013 18:00<\/strong><\/p>\n<p>Roman Forum and Palatine<\/p>\n<p><strong>EUROPEAN HERITAGE DAYS<\/strong><\/p>\n<p><strong>\u201cOne, two, three&#8230; Art!\u201d \u2013 Culture and Heritage\u201d<\/strong><\/p>\n<p>Two days of activities, special openings (<em>Schola Praeconum<\/em> and House of Scaurus), treasure hunts for kids and guided tours for a trip back in time into the history of the Roman Forum and the Palatine.<\/p>\n<p>&nbsp;<\/p>\n<p><strong>23 September<\/strong><\/p>\n<p>#iovadoalmuseo<\/p>\n<p><strong>8:30 \u2013 18:00<\/strong><\/p>\n<p><strong>DIES NATALIS AUGUSTI \u2013 Happy Birthday Augustus!<\/strong><\/p>\n<p>Free entry to the PArCo<\/p>\n<p>In occasion of the festivity, the SUPER sites (Palatine Museum, House of Livia, House of August and Aula Isiaca) will remain open and free of charge, from 9:00 to 17:30.<\/p>\n<p>For info <a href=\"http:\/\/www.iovadoalmuseo.it\/\">www.iovadoalmuseo.it<\/a> <a href=\"http:\/\/www.parcocolosseo.it\/\">www.parcocolosseo.it<\/a><\/p>\n<p>&nbsp;<\/p>\n<p><strong>27 September<\/strong><\/p>\n<p><strong>8:30 \u2013 18:00<\/strong><\/p>\n<p>Colosseum and Roman Forum<\/p>\n<p><strong>Exhibition inauguration<\/strong><\/p>\n<p><strong>CARTHAGO. Il mito immortale (CARTHAGO. The immortal myth)<\/strong><\/p>\n<p>Curated by Alfonsina Russo, Francesco Guarneri, Paolo Xella and Jos\u00e9 \u00c1ngel Zamora L\u00f3pez, with Martina Almonte and Federica Rinaldi, created by the PArCo with the organization and promotion of Electa.<\/p>\n<p>&nbsp;<\/p>\n<p><strong>29 September<\/strong><\/p>\n<p><strong>18:00 \u2013 19:00<\/strong><\/p>\n<p>Temple of Venus and Roma in the Roman Forum<\/p>\n<p><strong>CONCERT BY THE POLIZIA DI STATO MUSIC BAND<\/strong><\/p>\n<p>Performance in occasion of the feast of the patron saint Michael the Archangel<\/p>\n<p>&nbsp;<\/p>\n<p><strong>Exhibitions in progress<\/strong><\/p>\n<p><strong>KRONOS E KAIROS. I TEMPI DELL\u2019ARTE CONTEMPORANEA<\/strong><\/p>\n<p><strong>(KRONOS AND KAIROS. THE TIMES OF CONTEMPORARY ART)<\/strong><\/p>\n<p>Contemporary art exhibition at the Palatine promoted by the Parco archaeologico del Colosseo, with the scientific coordination of the General Direction of Contemporary Art and Architecture and Urban Peripheries (now known as the General Direction of Contemporary Creativity and Urban Renewal) and the organization of Electa.<\/p>\n<p>Until 3 November 2019<\/p>\n<p>&nbsp;<\/p>\n<p><strong>COLORS OF PEACE<\/strong><\/p>\n<p>Exhibition hung along the Colosseum\u2019s protective barriers featuring drawings for peace created by children from over 100 countries, in collaboration with Sri Chinmoy Oneness Home Peace Run Italia.<\/p>\n<p>20 \u2013 29 September 2019<\/p>\n<p>&nbsp;<\/p>\n<p><strong>Special events in progress<\/strong><\/p>\n<p><strong>LA LUNA SUL COLOSSEO \u2013 IL SOGNO DEL GLADIATORE<\/strong><\/p>\n<p><strong>(THE MOON OVER THE COLOSSEUM \u2013 THE GLADIATOR\u2019S DREAM)<\/strong><\/p>\n<p>Multimedia evening visits to the Colosseum after sundown, until 6 January 2020.<\/p>\n<p>For info and booking <a href=\"http:\/\/www.parcocolosseo.it\/\">www.parcocolosseo.it<\/a> <a href=\"http:\/\/www.coopculture.it\/\">www.coopculture.it<\/a><\/p>\n<p>&nbsp;<\/p>\n<p><strong>FORUM PASS \u2013 DISCOVERING THE FORUMS<\/strong><\/p>\n<p>A single ticket to visit the Roman Forum and the Imperial Forums, available until 31 December 2019: for the first time, citizens and tourists alike will be able to discover a new way to experience the Roman Forum\/Palatine area and the Imperial Forums together.<\/p>\n<p>The ticket, valid for one day only, grants the bearer access to the Roman Forum\/Palatine archaeological area and to the Imperial Forums, including any and all exhibitions in progress. The pass is available in ticket booths at the Roman Forum, the Palatine, Trajan\u2019s Column, and Piazza della Madonna di Loreto.<\/p>\n<p>&nbsp;<\/p>\n<p><strong>For all events held in the Curia Iulia in the Roman Forum, entry will be free subject to availability (maximum capacity 100 seats, standing room for 30)<\/strong><\/p>\n","protected":false},"excerpt":{"rendered":"<p>NEWSLETTER SEPTEMBER 2019<\/p>\n","protected":false},"author":4,"featured_media":5982,"comment_status":"closed","ping_status":"closed","sticky":false,"template":"","format":"standard","meta":[],"categories":[26],"tags":[],"acf":[],"_links":{"self":[{"href":"https:\/\/colosseo.it\/en\/wp-json\/wp\/v2\/posts\/6074"}],"collection":[{"href":"https:\/\/colosseo.it\/en\/wp-json\/wp\/v2\/posts"}],"about":[{"href":"https:\/\/colosseo.it\/en\/wp-json\/wp\/v2\/types\/post"}],"author":[{"embeddable":true,"href":"https:\/\/colosseo.it\/en\/wp-json\/wp\/v2\/users\/4"}],"replies":[{"embeddable":true,"href":"https:\/\/colosseo.it\/en\/wp-json\/wp\/v2\/comments?post=6074"}],"version-history":[{"count":3,"href":"https:\/\/colosseo.it\/en\/wp-json\/wp\/v2\/posts\/6074\/revisions"}],"predecessor-version":[{"id":6078,"href":"https:\/\/colosseo.it\/en\/wp-json\/wp\/v2\/posts\/6074\/revisions\/6078"}],"wp:featuredmedia":[{"embeddable":true,"href":"https:\/\/colosseo.it\/en\/wp-json\/wp\/v2\/media\/5982"}],"wp:attachment":[{"href":"https:\/\/colosseo.it\/en\/wp-json\/wp\/v2\/media?parent=6074"}],"wp:term":[{"taxonomy":"category","embeddable":true,"href":"https:\/\/colosseo.it\/en\/wp-json\/wp\/v2\/categories?post=6074"},{"taxonomy":"post_tag","embeddable":true,"href":"https:\/\/colosseo.it\/en\/wp-json\/wp\/v2\/tags?post=6074"}],"curies":[{"name":"wp","href":"https:\/\/api.w.org\/{rel}","templated":true}]}}