	
    {"id":11745,"date":"2020-01-08T18:00:06","date_gmt":"2020-01-08T17:00:06","guid":{"rendered":"https:\/\/colosseo.it\/2020\/01\/races-clsicas-en-los-orgenes-de-los-femenino-el-programa-del-sptimo-y-ltimo-encuentro-del-ciclo-de-conferencias\/"},"modified":"2020-11-04T22:31:01","modified_gmt":"2020-11-04T21:31:01","slug":"races-clsicas-en-los-orgenes-de-los-femenino-el-programa-del-sptimo-y-ltimo-encuentro-del-ciclo-de-conferencias","status":"publish","type":"post","link":"https:\/\/colosseo.it\/es\/2020\/01\/races-clsicas-en-los-orgenes-de-los-femenino-el-programa-del-sptimo-y-ltimo-encuentro-del-ciclo-de-conferencias\/","title":{"rendered":"&ldquo;Ra&iacute;ces cl&aacute;sicas: en los or&iacute;genes de los femenino&rdquo;. El programa del s&eacute;ptimo y &uacute;ltimo encuentro del ciclo de conferencias"},"content":{"rendered":"<p>El antiguo Senado de Roma abre nuevamente sus puertas al p\u00fablico con motivo de las conferencias de la serie <em><strong>Los<\/strong><\/em> <em><strong>Jueves del<\/strong><\/em> <strong><em>PArCo<\/em><\/strong>, con <strong>\u201c<a href=\"https:\/\/colosseo.it\/evento\/radici-classiche-alle-origini-del-femminile-il-nuovo-ciclo-di-conferenze-alla-curia-iulia-dal-12-settembre-al-31-ottobre\/\">Ra\u00edces cl\u00e1sicas: en los or\u00edgenes de lo femenino<\/a><\/strong>\u201d, un ciclo de encuentros que compara las representaciones y la vida cotidiana de las mujeres en la sociedad romana y en las \u00e9pocas sucesivas.<\/p>\n<p>Sobre el fondo evocador de la Curia Julia, <strong>las conferencias, a trav\u00e9s del di\u00e1logo entre dos especialistas, dar\u00e1n al p\u00fablico la oportunidad de reflexionar sobre la historia de las mujeres romanas\u00a0<\/strong>y sobre aquellos aspectos que siguen influyendo en la actualidad en nuestra interpretaci\u00f3n del mundo femenino en el entorno dom\u00e9stico, p\u00fablico y pol\u00edtico.<\/p>\n<p>La s\u00e9ptima cita ser\u00e1 el jueves 31 de octubre a las 16:30 h en la Curia Julia:<\/p>\n<p><strong><em>Insignia<\/em> de las mujeres y el lujo<\/strong><\/p>\n<p>Elisa Cella, Parque Arqueol\u00f3gico del Coliseo<\/p>\n<p>Giulia Calvi, Universidad de Siena<\/p>\n<p>(Entrada libre hasta agotar plazas mostrando la invitaci\u00f3n, que se puede descargar en <a href=\"https:\/\/colosseo.it\/sito\/wp-content\/uploads\/2019\/10\/31-ottobre-2019.pdf\">invitaci\u00f3n<\/a>).<\/p>\n","protected":false},"excerpt":{"rendered":"<p>El antiguo Senado de Roma abre nuevamente sus puertas al p&uacute;blico con motivo de las conferencias de la serie Los Jueves del PArCo, con &ldquo;Ra&iacute;ces cl&aacute;sicas: en los or&iacute;genes de lo femenino&rdquo;, un ciclo de encuentros que compara las representaciones y la vida cotidiana de las mujeres en la sociedad romana y en las &eacute;pocas sucesivas.<\/p>\n","protected":false},"author":4,"featured_media":10555,"comment_status":"closed","ping_status":"closed","sticky":false,"template":"","format":"standard","meta":[],"categories":[71],"tags":[],"acf":[],"_links":{"self":[{"href":"https:\/\/colosseo.it\/es\/wp-json\/wp\/v2\/posts\/11745"}],"collection":[{"href":"https:\/\/colosseo.it\/es\/wp-json\/wp\/v2\/posts"}],"about":[{"href":"https:\/\/colosseo.it\/es\/wp-json\/wp\/v2\/types\/post"}],"author":[{"embeddable":true,"href":"https:\/\/colosseo.it\/es\/wp-json\/wp\/v2\/users\/4"}],"replies":[{"embeddable":true,"href":"https:\/\/colosseo.it\/es\/wp-json\/wp\/v2\/comments?post=11745"}],"version-history":[{"count":2,"href":"https:\/\/colosseo.it\/es\/wp-json\/wp\/v2\/posts\/11745\/revisions"}],"predecessor-version":[{"id":19215,"href":"https:\/\/colosseo.it\/es\/wp-json\/wp\/v2\/posts\/11745\/revisions\/19215"}],"wp:featuredmedia":[{"embeddable":true,"href":"https:\/\/colosseo.it\/es\/wp-json\/wp\/v2\/media\/10555"}],"wp:attachment":[{"href":"https:\/\/colosseo.it\/es\/wp-json\/wp\/v2\/media?parent=11745"}],"wp:term":[{"taxonomy":"category","embeddable":true,"href":"https:\/\/colosseo.it\/es\/wp-json\/wp\/v2\/categories?post=11745"},{"taxonomy":"post_tag","embeddable":true,"href":"https:\/\/colosseo.it\/es\/wp-json\/wp\/v2\/tags?post=11745"}],"curies":[{"name":"wp","href":"https:\/\/api.w.org\/{rel}","templated":true}]}}