	
    {"id":11746,"date":"2020-01-08T18:00:10","date_gmt":"2020-01-08T17:00:10","guid":{"rendered":"https:\/\/colosseo.it\/2020\/01\/el-mircoles-11-de-septiembre-se-iniciarn-los-controles-de-inspeccin-tcnica-con-brazo-elevador-de-la-baslica-de-majencio\/"},"modified":"2020-11-04T22:29:54","modified_gmt":"2020-11-04T21:29:54","slug":"el-mircoles-11-de-septiembre-se-iniciarn-los-controles-de-inspeccin-tcnica-con-brazo-elevador-de-la-baslica-de-majencio","status":"publish","type":"post","link":"https:\/\/colosseo.it\/es\/2020\/01\/el-mircoles-11-de-septiembre-se-iniciarn-los-controles-de-inspeccin-tcnica-con-brazo-elevador-de-la-baslica-de-majencio\/","title":{"rendered":"El mi&eacute;rcoles 11 de septiembre se iniciar&aacute;n los controles de inspecci&oacute;n t&eacute;cnica con brazo elevador de la Bas&iacute;lica de Majencio."},"content":{"rendered":"<p>Se informa que el \u00e1rea interior con vistas a los grandes \u00e1bsides de la Bas\u00edlica de Majencio se encuentra temporalmente cerrada al p\u00fablico debido al desprendimiento de una peque\u00f1a porci\u00f3n de conglomerado y ladrillos de 30 x 50 cm aproximadamente, que tuvo lugar el pasado 6 de septiembre. A partir del mi\u00e9rcoles 11 de septiembre se iniciar\u00e1n los controles de inspecci\u00f3n t\u00e9cnica con brazo elevador que permitir\u00e1n determinar las causas y aplicar las medidas necesarias para la reapertura al p\u00fablico.<\/p>\n<p>&nbsp;<\/p>\n<p>&nbsp;<\/p>\n","protected":false},"excerpt":{"rendered":"<p>El mi&eacute;rcoles 11 de septiembre se inician los controles de inspecci&oacute;n t&eacute;cnica con brazo elevador en la Bas&iacute;lica de Majencio<\/p>\n","protected":false},"author":19,"featured_media":7905,"comment_status":"closed","ping_status":"closed","sticky":false,"template":"","format":"standard","meta":[],"categories":[71],"tags":[],"acf":[],"_links":{"self":[{"href":"https:\/\/colosseo.it\/es\/wp-json\/wp\/v2\/posts\/11746"}],"collection":[{"href":"https:\/\/colosseo.it\/es\/wp-json\/wp\/v2\/posts"}],"about":[{"href":"https:\/\/colosseo.it\/es\/wp-json\/wp\/v2\/types\/post"}],"author":[{"embeddable":true,"href":"https:\/\/colosseo.it\/es\/wp-json\/wp\/v2\/users\/19"}],"replies":[{"embeddable":true,"href":"https:\/\/colosseo.it\/es\/wp-json\/wp\/v2\/comments?post=11746"}],"version-history":[{"count":3,"href":"https:\/\/colosseo.it\/es\/wp-json\/wp\/v2\/posts\/11746\/revisions"}],"predecessor-version":[{"id":19218,"href":"https:\/\/colosseo.it\/es\/wp-json\/wp\/v2\/posts\/11746\/revisions\/19218"}],"wp:featuredmedia":[{"embeddable":true,"href":"https:\/\/colosseo.it\/es\/wp-json\/wp\/v2\/media\/7905"}],"wp:attachment":[{"href":"https:\/\/colosseo.it\/es\/wp-json\/wp\/v2\/media?parent=11746"}],"wp:term":[{"taxonomy":"category","embeddable":true,"href":"https:\/\/colosseo.it\/es\/wp-json\/wp\/v2\/categories?post=11746"},{"taxonomy":"post_tag","embeddable":true,"href":"https:\/\/colosseo.it\/es\/wp-json\/wp\/v2\/tags?post=11746"}],"curies":[{"name":"wp","href":"https:\/\/api.w.org\/{rel}","templated":true}]}}