	
    {"id":38644,"date":"2024-10-01T11:28:16","date_gmt":"2024-10-01T09:28:16","guid":{"rendered":"https:\/\/colosseo.it\/2023\/05\/aviso-compra-de-entradas-para-grupos-o-comitivas-escolares\/"},"modified":"2024-10-06T19:18:28","modified_gmt":"2024-10-06T17:18:28","slug":"aviso-compra-de-entradas-para-grupos-o-comitivas-escolares","status":"publish","type":"post","link":"https:\/\/colosseo.it\/es\/2024\/10\/aviso-compra-de-entradas-para-grupos-o-comitivas-escolares\/","title":{"rendered":"Aviso | Compra de entradas para grupos o comitivas escolares"},"content":{"rendered":"<p style=\"text-align: justify;\">Tienen derecho a entrada gratuita al Parque arqueol\u00f3gico del Coliseo grupos o comitivas de estudiantes de las <u>escuelas p\u00fablicas y privadas de la Uni\u00f3n Europea<\/u>, acompa\u00f1ados por sus docentes, <strong>previa reserva de entrada <\/strong>gratuita (Ref. DM 507\/1997, Art. 4 apartado 3 letra f), garantizada hasta alcanzar el contingente de disponibilidad establecido por el Director General del PArCo.<\/p>\n<p style=\"text-align: justify;\"><strong>La reserva por parte de <u>escuelas no europeas<\/u> es de pago. Entrada gratuita para los menores de 18 a\u00f1os.<\/strong><\/p>\n<p style=\"text-align: justify;\">El n\u00famero m\u00e1ximo de participantes en un grupo escolar, comunitario o no comunitario, es de <strong>30, incluidos gu\u00edas, acompa\u00f1antes y gratuidad.<\/strong><\/p>\n<p style=\"text-align: justify;\">Los centros escolares que opten por la intermediaci\u00f3n de un tercero deber\u00e1n hacer expl\u00edcita esta elecci\u00f3n para poder beneficiarse de las facilidades previstas por la ley; de lo contrario, ser\u00e1n considerados como grupos de visitantes generales.<\/p>\n<hr \/>\n<p style=\"text-align: justify;\"><strong>Para los grupos escolares que visiten el Coliseo est\u00e1 garantizado el siguiente recorrido en sentido \u00fanico:<\/strong><\/p>\n<ul style=\"text-align: justify;\">\n<li>COLISEO, FORO ROMANO, PALATINO &#8211; ENTRADA DE ESCOLARES POR EL ACCESO PARA GRUPOS Y ESCUELAS, incluyendo visita del primero y del segundo nivel del Anfiteatro Flavio, excluyendo la arena y los subterr\u00e1neos (venta mensual y semanal)<\/li>\n<\/ul>\n<p style=\"text-align: justify;\">A partir del 1 de marzo de 2023, para poder recibir un mayor n\u00famero de estudiantes en el Coliseo, la Direcci\u00f3n del PArCo ha previsto una entrada adicional dedicada expresamente a los grupos escolares, en sentido \u00fanico, cuyo recorrido ser\u00e1 el siguiente:<\/p>\n<ul style=\"text-align: justify;\">\n<li>COLISEO, FORO ROMANO, PALATINO &#8211; ENTRADA DE ESCOLARES POR EL ACCESO PARA EL PERSONAL, incluyendo visita breve s\u00f3lo del primer nivel del Anfiteatro Flavio, excluyendo el segundo nivel, la arena y los subterr\u00e1neos (venta mensual y semanal)<\/li>\n<\/ul>\n<p style=\"text-align: justify;\">Con respecto a este recorrido, los grupos escolares entrar\u00e1n por el acceso destinado al personal del PArCo, en correspondencia con el Espol\u00f3n de Valadier, y continuar\u00e1n el recorrido de visita entre la Puerta Triumphalis al oeste y el Belvedere al sur, disfrutando de la vista de los hipogeos, hasta llegar a la salida. En consideraci\u00f3n de su breve duraci\u00f3n, la visita no prev\u00e9 la posibilidad de utilizar los ba\u00f1os, disponibles en el Palatino y en el Foro Romano, salvo aquellos puestos a disposici\u00f3n por Roma Capital en la plaza del Coliseo, del lado de via S. Giovanni in Laterano. El recorrido es accesible para todos.<\/p>\n<p style=\"text-align: justify;\"><strong>Los grupos escolares que visiten el Foro Romano y el Palatino tendr\u00e1n acceso S\u00d3LO DESDE LA ENTRADA VIA DI SAN GREGORIO.<\/strong><\/p>\n<h3>MODALIDAD DE RESERVA<\/h3>\n<p style=\"text-align: justify;\">La reserva de la visita al Coliseo para los grupos escolares es <strong>obligatoria<\/strong>; no se admiten grupos escolares con entrada \u201cOPEN\u201d; la reserva se puede efectuar online <a href=\"https:\/\/ticketing.colosseo.it\/es\">https:\/\/ticketing.colosseo.it\/es<\/a><\/p>\n<p style=\"text-align: justify;\">Por \u00faltimo, el PArCo comunica que, exclusivamente para el \u00e1rea arqueol\u00f3gica del Foro Romano-Palatino (sin Coliseo), estudiantes y docentes podr\u00e1n acceder con entrada Forum Pass Super, incluso individualmente, respetando las facilidades previstas por ley (descuentos y gratuidad), <a href=\"https:\/\/colosseo.it\/ingresso-gratuito-parco-colosseo-musei-italiani\/\">disponible en este mismo sitio<\/a>.<\/p>\n","protected":false},"excerpt":{"rendered":"<p>Tienen derecho a entrada gratuita al Parque arqueol\u00f3gico del Coliseo grupos o comitivas de estudiantes de las escuelas p\u00fablicas y privadas de la Uni\u00f3n Europea, acompa\u00f1ados por sus docentes, previa reserva de entrada gratuita (Ref. DM 507\/1997, Art. 4 apartado 3 letra f), garantizada hasta alcanzar el contingente de disponibilidad establecido por el Director General<a class=\"excerpt-read-more\" href=\"https:\/\/colosseo.it\/es\/2024\/10\/aviso-compra-de-entradas-para-grupos-o-comitivas-escolares\/\" title=\"ReadAviso | Compra de entradas para grupos o comitivas escolares\">&#8230; Read more &raquo;<\/a><\/p>\n","protected":false},"author":19,"featured_media":37258,"comment_status":"closed","ping_status":"closed","sticky":true,"template":"","format":"standard","meta":[],"categories":[71],"tags":[],"acf":[],"_links":{"self":[{"href":"https:\/\/colosseo.it\/es\/wp-json\/wp\/v2\/posts\/38644"}],"collection":[{"href":"https:\/\/colosseo.it\/es\/wp-json\/wp\/v2\/posts"}],"about":[{"href":"https:\/\/colosseo.it\/es\/wp-json\/wp\/v2\/types\/post"}],"author":[{"embeddable":true,"href":"https:\/\/colosseo.it\/es\/wp-json\/wp\/v2\/users\/19"}],"replies":[{"embeddable":true,"href":"https:\/\/colosseo.it\/es\/wp-json\/wp\/v2\/comments?post=38644"}],"version-history":[{"count":3,"href":"https:\/\/colosseo.it\/es\/wp-json\/wp\/v2\/posts\/38644\/revisions"}],"predecessor-version":[{"id":48106,"href":"https:\/\/colosseo.it\/es\/wp-json\/wp\/v2\/posts\/38644\/revisions\/48106"}],"wp:featuredmedia":[{"embeddable":true,"href":"https:\/\/colosseo.it\/es\/wp-json\/wp\/v2\/media\/37258"}],"wp:attachment":[{"href":"https:\/\/colosseo.it\/es\/wp-json\/wp\/v2\/media?parent=38644"}],"wp:term":[{"taxonomy":"category","embeddable":true,"href":"https:\/\/colosseo.it\/es\/wp-json\/wp\/v2\/categories?post=38644"},{"taxonomy":"post_tag","embeddable":true,"href":"https:\/\/colosseo.it\/es\/wp-json\/wp\/v2\/tags?post=38644"}],"curies":[{"name":"wp","href":"https:\/\/api.w.org\/{rel}","templated":true}]}}