	
    {"id":41810,"date":"2023-08-31T16:04:36","date_gmt":"2023-08-31T14:04:36","guid":{"rendered":"https:\/\/colosseo.it\/?p=41810"},"modified":"2023-09-09T10:32:27","modified_gmt":"2023-09-09T08:32:27","slug":"cierre-temporal-del-templo-de-venus-y-roma-septiembre-de-2023","status":"publish","type":"post","link":"https:\/\/colosseo.it\/es\/2023\/08\/cierre-temporal-del-templo-de-venus-y-roma-septiembre-de-2023\/","title":{"rendered":"Cierre temporal del Templo de Venus y Roma (septiembre de 2023) y Museo del Foro Romano (10 septiembre 2023))"},"content":{"rendered":"<p style=\"text-align: justify;\"><strong>Del lunes 4 de septiembre de 2023 al martes 12 de septiembre de 2023<\/strong> inclusive, la terraza del <strong>Templo de Venus y Roma<\/strong>, frente al Coliseo, permanecer\u00e1 temporalmente cerrada.<br \/>\nEl cierre permitir\u00e1 el montaje y la celebraci\u00f3n de un acto ben\u00e9fico.<\/p>\n<p style=\"text-align: justify;\"><strong>La terraza volver\u00e1 a abrir a las 14.00 horas del mi\u00e9rcoles 13 de septiembre de 2023.\u00a0<\/strong><\/p>\n<p style=\"text-align: justify;\">Volver\u00e1 a cerrarse <strong>desde el jueves 14 de septiembre de 2023 hasta la ma\u00f1ana del viernes 22 de septiembre de 2023<\/strong> para permitir el montaje de la exposici\u00f3n <em><strong>Korai<\/strong><\/em> de <strong>Mattia Bosco<\/strong>.<\/p>\n<p style=\"text-align: justify;\">_________________________<\/p>\n<p style=\"text-align: justify;\"><strong>El 10 de septiembre, el Museo del Foro Romano cerrar\u00e1 anticipadamente a las 14:00 horas<\/strong><\/p>\n","protected":false},"excerpt":{"rendered":"<p>Del lunes 4 de septiembre de 2023 al martes 12 de septiembre de 2023 inclusive, la terraza del Templo de Venus y Roma, frente al Coliseo, permanecer\u00e1 temporalmente cerrada. El cierre permitir\u00e1 el montaje y la celebraci\u00f3n de un acto ben\u00e9fico. La terraza volver\u00e1 a abrir a las 14.00 horas del mi\u00e9rcoles 13 de septiembre<a class=\"excerpt-read-more\" href=\"https:\/\/colosseo.it\/es\/2023\/08\/cierre-temporal-del-templo-de-venus-y-roma-septiembre-de-2023\/\" title=\"ReadCierre temporal del Templo de Venus y Roma (septiembre de 2023) y Museo del Foro Romano (10 septiembre 2023))\">&#8230; Read more &raquo;<\/a><\/p>\n","protected":false},"author":19,"featured_media":38614,"comment_status":"closed","ping_status":"closed","sticky":false,"template":"","format":"standard","meta":[],"categories":[71],"tags":[],"acf":[],"_links":{"self":[{"href":"https:\/\/colosseo.it\/es\/wp-json\/wp\/v2\/posts\/41810"}],"collection":[{"href":"https:\/\/colosseo.it\/es\/wp-json\/wp\/v2\/posts"}],"about":[{"href":"https:\/\/colosseo.it\/es\/wp-json\/wp\/v2\/types\/post"}],"author":[{"embeddable":true,"href":"https:\/\/colosseo.it\/es\/wp-json\/wp\/v2\/users\/19"}],"replies":[{"embeddable":true,"href":"https:\/\/colosseo.it\/es\/wp-json\/wp\/v2\/comments?post=41810"}],"version-history":[{"count":4,"href":"https:\/\/colosseo.it\/es\/wp-json\/wp\/v2\/posts\/41810\/revisions"}],"predecessor-version":[{"id":41902,"href":"https:\/\/colosseo.it\/es\/wp-json\/wp\/v2\/posts\/41810\/revisions\/41902"}],"wp:featuredmedia":[{"embeddable":true,"href":"https:\/\/colosseo.it\/es\/wp-json\/wp\/v2\/media\/38614"}],"wp:attachment":[{"href":"https:\/\/colosseo.it\/es\/wp-json\/wp\/v2\/media?parent=41810"}],"wp:term":[{"taxonomy":"category","embeddable":true,"href":"https:\/\/colosseo.it\/es\/wp-json\/wp\/v2\/categories?post=41810"},{"taxonomy":"post_tag","embeddable":true,"href":"https:\/\/colosseo.it\/es\/wp-json\/wp\/v2\/tags?post=41810"}],"curies":[{"name":"wp","href":"https:\/\/api.w.org\/{rel}","templated":true}]}}