	
    {"id":42371,"date":"2023-10-06T11:16:32","date_gmt":"2023-10-06T09:16:32","guid":{"rendered":"https:\/\/colosseo.it\/2023\/10\/domingos-gratuitos-en-el-parque-arqueolgico-del-coliseo\/"},"modified":"2025-04-09T17:35:19","modified_gmt":"2025-04-09T15:35:19","slug":"domingos-gratuitos-parque-arqueologico-coliseo","status":"publish","type":"post","link":"https:\/\/colosseo.it\/es\/2023\/10\/domingos-gratuitos-parque-arqueologico-coliseo\/","title":{"rendered":"Domingos y dias gratuitos en el Parque Arqueol&oacute;gico del Coliseo"},"content":{"rendered":"<p style=\"text-align: justify;\">Todos los primeros domingos de mes, el\u00a0<strong>Parque Arqueol\u00f3gico del Coliseo<\/strong> adhiere a la iniciativa con las siguientes opciones de visita:<\/p>\n<ul style=\"text-align: justify;\">\n<li>Itinerario\u00a0<a href=\"https:\/\/colosseo.it\/biglietti\/24h-colosseo-foro-romano-palatino\/\">Coliseo, Foro Romano, Palatino<\/a> para visitar en un \u00fanico recorrido de visita el Coliseo, el Foro Romano y el Palatino<\/li>\n<li>Itinerario\u00a0<a href=\"https:\/\/colosseo.it\/biglietti\/forum-pass-super\/\">Forum Pass<\/a> para visitar en un \u00fanico recorrido de visita los Foros Imperiales, el Foro Romano y el Palatino<\/li>\n<\/ul>\n<p style=\"text-align: justify;\">Las entradas podr\u00e1n ser retiradas, por orden de llegada, en <strong>la taquilla de la plaza del Coliseo, situada cerca del Templo de Venus y Roma, as\u00ed como en la taquilla de Largo della Salara Vecchia.<\/strong><br \/>\nLos domingos gratuitos tambi\u00e9n quienes posean la <a href=\"https:\/\/colosseo.it\/sostieni-e-partecipa\/membership\/\"><strong>Membership Card<\/strong><\/a>\u00a0y el Roma Pass podr\u00e1n retirar las entradas gratuitas en la taquilla, por orden de llegada.<\/p>\n<p style=\"text-align: justify;\">Adem\u00e1s, con la iniciativa <strong>domingo en el museo<\/strong>, estar\u00e1 abierta la secci\u00f3n permanente de la exposici\u00f3n evento \u00ab<a href=\"https:\/\/colosseo.it\/evento\/giacomo-boni-lalba-della-modernita-apre-il-15-dicembre-la-mostra-diffusa-tra-palatino-e-foro-romano\/\"><strong>Giacomo Boni. El alba de la modernidad<\/strong><\/a>\u00bb <strong>en el complejo de Santa Maria Nova<\/strong>.<\/p>\n<p style=\"text-align: justify;\">Con objeto de proteger y controlar los accesos durante los domingos gratuitos, <strong>no ser\u00e1 posible<\/strong> acceder al ascensor panor\u00e1mico, a los niveles superiores, a los sectores de la arena y de los hipogeos del Coliseo.<\/p>\n<p style=\"text-align: justify;\"><strong>No ser\u00e1n accesibles<\/strong> las pajareras farnesianas, el Ninfeo de la lluvia, el Templo de R\u00f3mulo, la Curia Julia, los lugares SUPER del Foro Romano-Palatino (Casa de Augusto, Casa de Livia, Santa Mar\u00eda Antigua, Aula Is\u00edaca con Logia Mattei y Museo Palatino).<\/p>\n<p><strong>La Domus Aurea no se incluye en la iniciativa.<\/strong><\/p>\n<p><strong>LA DOMUS TIBERIANA ESTAR\u00c1 ABIERTA Y SE PODR\u00c1 RECORRER EN SU TOTALIDAD. PERMANECER\u00c1N CERRADAS LAS SALAS EXPOSITIVAS.<\/strong><\/p>\n<p>&nbsp;<\/p>\n<p><strong>S\u00f3lo se distribuir\u00e1n entradas individuales.<\/strong><br \/>\n<strong>Los gu\u00edas podr\u00e1n acompa\u00f1ar a un m\u00e1ximo de 7 personas, cada una de las cuales deber\u00e1 recoger una entrada individual.<\/strong><\/p>\n<p>&nbsp;<\/p>\n<p><a href=\"https:\/\/colosseo.it\/es\/orari-e-biglietti\/biglietteria_ticket-office_colosseum\/\" rel=\"attachment wp-att-43015\"><img decoding=\"async\" loading=\"lazy\" class=\"aligncenter size-large wp-image-43015\" src=\"https:\/\/colosseo.it\/sito\/wp-content\/uploads\/2023\/11\/Biglietteria_Ticket-Office_Colosseum-1024x724.jpg\" alt=\"\" width=\"1024\" height=\"724\" srcset=\"https:\/\/colosseo.it\/sito\/wp-content\/uploads\/2023\/11\/Biglietteria_Ticket-Office_Colosseum-1024x724.jpg 1024w, https:\/\/colosseo.it\/sito\/wp-content\/uploads\/2023\/11\/Biglietteria_Ticket-Office_Colosseum-300x212.jpg 300w, https:\/\/colosseo.it\/sito\/wp-content\/uploads\/2023\/11\/Biglietteria_Ticket-Office_Colosseum-768x543.jpg 768w, https:\/\/colosseo.it\/sito\/wp-content\/uploads\/2023\/11\/Biglietteria_Ticket-Office_Colosseum-1536x1086.jpg 1536w, https:\/\/colosseo.it\/sito\/wp-content\/uploads\/2023\/11\/Biglietteria_Ticket-Office_Colosseum-2048x1448.jpg 2048w, https:\/\/colosseo.it\/sito\/wp-content\/uploads\/2023\/11\/Biglietteria_Ticket-Office_Colosseum-1414x1000.jpg 1414w, https:\/\/colosseo.it\/sito\/wp-content\/uploads\/2023\/11\/Biglietteria_Ticket-Office_Colosseum-1920x1358.jpg 1920w\" sizes=\"(max-width: 1024px) 100vw, 1024px\" \/><\/a><\/p>\n","protected":false},"excerpt":{"rendered":"<p>Primeros domingos de mes gratuitos en el Parque Arqueol&oacute;gico del Coliseo 2022<\/p>\n","protected":false},"author":19,"featured_media":24784,"comment_status":"closed","ping_status":"closed","sticky":true,"template":"","format":"standard","meta":[],"categories":[71],"tags":[],"acf":[],"_links":{"self":[{"href":"https:\/\/colosseo.it\/es\/wp-json\/wp\/v2\/posts\/42371"}],"collection":[{"href":"https:\/\/colosseo.it\/es\/wp-json\/wp\/v2\/posts"}],"about":[{"href":"https:\/\/colosseo.it\/es\/wp-json\/wp\/v2\/types\/post"}],"author":[{"embeddable":true,"href":"https:\/\/colosseo.it\/es\/wp-json\/wp\/v2\/users\/19"}],"replies":[{"embeddable":true,"href":"https:\/\/colosseo.it\/es\/wp-json\/wp\/v2\/comments?post=42371"}],"version-history":[{"count":11,"href":"https:\/\/colosseo.it\/es\/wp-json\/wp\/v2\/posts\/42371\/revisions"}],"predecessor-version":[{"id":51022,"href":"https:\/\/colosseo.it\/es\/wp-json\/wp\/v2\/posts\/42371\/revisions\/51022"}],"wp:featuredmedia":[{"embeddable":true,"href":"https:\/\/colosseo.it\/es\/wp-json\/wp\/v2\/media\/24784"}],"wp:attachment":[{"href":"https:\/\/colosseo.it\/es\/wp-json\/wp\/v2\/media?parent=42371"}],"wp:term":[{"taxonomy":"category","embeddable":true,"href":"https:\/\/colosseo.it\/es\/wp-json\/wp\/v2\/categories?post=42371"},{"taxonomy":"post_tag","embeddable":true,"href":"https:\/\/colosseo.it\/es\/wp-json\/wp\/v2\/tags?post=42371"}],"curies":[{"name":"wp","href":"https:\/\/api.w.org\/{rel}","templated":true}]}}