	
    {"id":44452,"date":"2024-02-03T14:08:58","date_gmt":"2024-02-03T13:08:58","guid":{"rendered":"https:\/\/colosseo.it\/?p=44452"},"modified":"2024-02-05T10:07:02","modified_gmt":"2024-02-05T09:07:02","slug":"cierre-temporal-curia-julia-ferbrero-2024","status":"publish","type":"post","link":"https:\/\/colosseo.it\/es\/2024\/02\/cierre-temporal-curia-julia-ferbrero-2024\/","title":{"rendered":"Cierre temporal de la Curia Julia (febrero de 2024)"},"content":{"rendered":"<p style=\"text-align: justify;\">A partir del <strong>s\u00e1bado 3 de febrero de 2024<\/strong> la <strong>Curia Iulia<\/strong> permanecer\u00e1 <strong>temporalmente cerrada<\/strong> debido al desmontaje de la exposici\u00f3n &#8216;Copernico e la rivoluzione del mondo&#8217; .<\/p>\n<p><strong>La Casa de Augusto estar\u00e1 abierta el lunes 5 de febrero, por lo que no observar\u00e1 su cierre semanal.<\/strong><\/p>\n<p style=\"text-align: justify;\">Rogamos disculpen las molestias, comunicaremos la reapertura regular lo antes posible.<\/p>\n","protected":false},"excerpt":{"rendered":"<p>A partir del s\u00e1bado 3 de febrero de 2024 la Curia Iulia permanecer\u00e1 temporalmente cerrada debido al desmontaje de la exposici\u00f3n &#8216;Copernico e la rivoluzione del mondo&#8217; . La Casa de Augusto estar\u00e1 abierta el lunes 5 de febrero, por lo que no observar\u00e1 su cierre semanal. Rogamos disculpen las molestias, comunicaremos la reapertura regular<a class=\"excerpt-read-more\" href=\"https:\/\/colosseo.it\/es\/2024\/02\/cierre-temporal-curia-julia-ferbrero-2024\/\" title=\"ReadCierre temporal de la Curia Julia (febrero de 2024)\">&#8230; Read more &raquo;<\/a><\/p>\n","protected":false},"author":19,"featured_media":22842,"comment_status":"closed","ping_status":"closed","sticky":false,"template":"","format":"standard","meta":[],"categories":[71],"tags":[],"acf":[],"_links":{"self":[{"href":"https:\/\/colosseo.it\/es\/wp-json\/wp\/v2\/posts\/44452"}],"collection":[{"href":"https:\/\/colosseo.it\/es\/wp-json\/wp\/v2\/posts"}],"about":[{"href":"https:\/\/colosseo.it\/es\/wp-json\/wp\/v2\/types\/post"}],"author":[{"embeddable":true,"href":"https:\/\/colosseo.it\/es\/wp-json\/wp\/v2\/users\/19"}],"replies":[{"embeddable":true,"href":"https:\/\/colosseo.it\/es\/wp-json\/wp\/v2\/comments?post=44452"}],"version-history":[{"count":3,"href":"https:\/\/colosseo.it\/es\/wp-json\/wp\/v2\/posts\/44452\/revisions"}],"predecessor-version":[{"id":44473,"href":"https:\/\/colosseo.it\/es\/wp-json\/wp\/v2\/posts\/44452\/revisions\/44473"}],"wp:featuredmedia":[{"embeddable":true,"href":"https:\/\/colosseo.it\/es\/wp-json\/wp\/v2\/media\/22842"}],"wp:attachment":[{"href":"https:\/\/colosseo.it\/es\/wp-json\/wp\/v2\/media?parent=44452"}],"wp:term":[{"taxonomy":"category","embeddable":true,"href":"https:\/\/colosseo.it\/es\/wp-json\/wp\/v2\/categories?post=44452"},{"taxonomy":"post_tag","embeddable":true,"href":"https:\/\/colosseo.it\/es\/wp-json\/wp\/v2\/tags?post=44452"}],"curies":[{"name":"wp","href":"https:\/\/api.w.org\/{rel}","templated":true}]}}