	
    {"id":45281,"date":"2024-03-25T16:23:36","date_gmt":"2024-03-25T15:23:36","guid":{"rendered":"https:\/\/colosseo.it\/?p=45281"},"modified":"2024-03-28T14:33:36","modified_gmt":"2024-03-28T13:33:36","slug":"cierres-con-motivo-del-via-crucis-2024","status":"publish","type":"post","link":"https:\/\/colosseo.it\/es\/2024\/03\/cierres-con-motivo-del-via-crucis-2024\/","title":{"rendered":"Cierres con motivo del V\u00eda Crucis 2024"},"content":{"rendered":"<p><span style=\"color: #ff0000;\"><strong>EL PARQUE ARQUEOL\u00d3GICO DEL COLISEO ABRIR\u00c1 SUS PUERTAS EL VIERNES 29 DE MARZO DE 2024. S\u00d3LO SE PODR\u00c1N COMPRAR ENTRADAS POR INTERNET<\/strong><\/span><\/p>\n<p><span style=\"color: #ff0000;\"><strong>\u00daltima entrada al Coliseo: 12.00 horas<\/strong><\/span><\/p>\n<p><span style=\"color: #ff0000;\"><strong>\u00daltima entrada al Foro Romano &#8211; Palatino: 12.00 horas<\/strong><\/span><\/p>\n<p>&nbsp;<\/p>\n<p>Desde el lunes <strong>18 de marzo<\/strong> hasta el s\u00e1bado<strong> 30 de marzo de 2024<\/strong> inclusive el acceso a los monumentos que dan directamente a la plaza del Coliseo sufrir\u00e1 algunos cambios para permitir las obras necesarias para la filmaci\u00f3n del V\u00eda Crucis, celebrado por el <strong>Papa Francisco<\/strong> en la tarde del viernes 29 de marzo.<\/p>\n<p>Permanecer\u00e1n cerrados temporalmente:<\/p>\n<p><strong>Termas de Elag\u00e1balo desde el mi\u00e9rcoles 20 de marzo hasta el s\u00e1bado 30 de marzo de 2024 inclusive<\/strong><br \/>\n<strong>Templo de Venus y Roma del lunes 18 de marzo al s\u00e1bado 30 de marzo de 2024 inclusive<\/strong><\/p>\n<p>La celda de Roma del Templo de Venus y Roma, frente al Capitolio, permanece abierta. Se acceder\u00e1 a ella desde el Museo del Foro Romano, situado en el complejo de Santa Maria Nova.<\/p>\n<p>&nbsp;<\/p>\n<p>BILLETES<\/p>\n<p><strong>La validez del billete adquirido el 29 de marzo se extender\u00e1 al d\u00eda siguiente exclusivamente para la visita al Foro Romano &#8211; Palatino.<\/strong><br \/>\nEl 29 de marzo por la ma\u00f1ana se podr\u00e1 visitar la zona del Foro Romano-Palatino con un billete Forum Pass Super adquirido el mismo d\u00eda o con otro billete v\u00e1lido.<br \/>\nEst\u00e1 previsto que el PArCo cierre al p\u00fablico a las 13:00 horas, siendo la \u00faltima entrada a las 12:00 horas.<\/p>\n<p>&nbsp;<\/p>\n<p>El V\u00eda Crucis ser\u00e1 retransmitido por Rai Uno en todo el mundo a partir de las 21.00 horas del 29 de marzo.<\/p>\n","protected":false},"excerpt":{"rendered":"<p>EL PARQUE ARQUEOL\u00d3GICO DEL COLISEO ABRIR\u00c1 SUS PUERTAS EL VIERNES 29 DE MARZO DE 2024. S\u00d3LO SE PODR\u00c1N COMPRAR ENTRADAS POR INTERNET \u00daltima entrada al Coliseo: 12.00 horas \u00daltima entrada al Foro Romano &#8211; Palatino: 12.00 horas &nbsp; Desde el lunes 18 de marzo hasta el s\u00e1bado 30 de marzo de 2024 inclusive el acceso<a class=\"excerpt-read-more\" href=\"https:\/\/colosseo.it\/es\/2024\/03\/cierres-con-motivo-del-via-crucis-2024\/\" title=\"ReadCierres con motivo del V\u00eda Crucis 2024\">&#8230; Read more &raquo;<\/a><\/p>\n","protected":false},"author":19,"featured_media":44825,"comment_status":"closed","ping_status":"closed","sticky":false,"template":"","format":"standard","meta":[],"categories":[71],"tags":[],"acf":[],"_links":{"self":[{"href":"https:\/\/colosseo.it\/es\/wp-json\/wp\/v2\/posts\/45281"}],"collection":[{"href":"https:\/\/colosseo.it\/es\/wp-json\/wp\/v2\/posts"}],"about":[{"href":"https:\/\/colosseo.it\/es\/wp-json\/wp\/v2\/types\/post"}],"author":[{"embeddable":true,"href":"https:\/\/colosseo.it\/es\/wp-json\/wp\/v2\/users\/19"}],"replies":[{"embeddable":true,"href":"https:\/\/colosseo.it\/es\/wp-json\/wp\/v2\/comments?post=45281"}],"version-history":[{"count":2,"href":"https:\/\/colosseo.it\/es\/wp-json\/wp\/v2\/posts\/45281\/revisions"}],"predecessor-version":[{"id":45332,"href":"https:\/\/colosseo.it\/es\/wp-json\/wp\/v2\/posts\/45281\/revisions\/45332"}],"wp:featuredmedia":[{"embeddable":true,"href":"https:\/\/colosseo.it\/es\/wp-json\/wp\/v2\/media\/44825"}],"wp:attachment":[{"href":"https:\/\/colosseo.it\/es\/wp-json\/wp\/v2\/media?parent=45281"}],"wp:term":[{"taxonomy":"category","embeddable":true,"href":"https:\/\/colosseo.it\/es\/wp-json\/wp\/v2\/categories?post=45281"},{"taxonomy":"post_tag","embeddable":true,"href":"https:\/\/colosseo.it\/es\/wp-json\/wp\/v2\/tags?post=45281"}],"curies":[{"name":"wp","href":"https:\/\/api.w.org\/{rel}","templated":true}]}}