	
    {"id":47487,"date":"2024-08-27T14:50:31","date_gmt":"2024-08-27T12:50:31","guid":{"rendered":"https:\/\/colosseo.it\/?p=47487"},"modified":"2024-08-27T14:50:31","modified_gmt":"2024-08-27T12:50:31","slug":"cierre-temporal-vigna-barberini-28-agosto-2024","status":"publish","type":"post","link":"https:\/\/colosseo.it\/es\/2024\/08\/cierre-temporal-vigna-barberini-28-agosto-2024\/","title":{"rendered":"Cierre temporal Vigna Barberini 28 agosto 2024"},"content":{"rendered":"<p>&nbsp;<\/p>\n<p>El <strong>mi\u00e9rcoles 28 de agosto de 2024<\/strong>, la zona <strong>Vigna Barberini<\/strong> se cerrar\u00e1 al p\u00fablico para permitir la celebraci\u00f3n de un acto programado en el marco de la <strong><a href=\"https:\/\/www.e-a-a.org\/eaa2024\">30\u00aa Reuni\u00f3n Anual de la EEA<\/a><\/strong>.<\/p>\n<p>La zona volver\u00e1 a ser accesible a partir del jueves 29 de agosto de 2024.<\/p>\n","protected":false},"excerpt":{"rendered":"<p>&nbsp; El mi\u00e9rcoles 28 de agosto de 2024, la zona Vigna Barberini se cerrar\u00e1 al p\u00fablico para permitir la celebraci\u00f3n de un acto programado en el marco de la 30\u00aa Reuni\u00f3n Anual de la EEA. La zona volver\u00e1 a ser accesible a partir del jueves 29 de agosto de 2024.<\/p>\n","protected":false},"author":19,"featured_media":47484,"comment_status":"closed","ping_status":"closed","sticky":false,"template":"","format":"standard","meta":[],"categories":[71],"tags":[],"acf":[],"_links":{"self":[{"href":"https:\/\/colosseo.it\/es\/wp-json\/wp\/v2\/posts\/47487"}],"collection":[{"href":"https:\/\/colosseo.it\/es\/wp-json\/wp\/v2\/posts"}],"about":[{"href":"https:\/\/colosseo.it\/es\/wp-json\/wp\/v2\/types\/post"}],"author":[{"embeddable":true,"href":"https:\/\/colosseo.it\/es\/wp-json\/wp\/v2\/users\/19"}],"replies":[{"embeddable":true,"href":"https:\/\/colosseo.it\/es\/wp-json\/wp\/v2\/comments?post=47487"}],"version-history":[{"count":1,"href":"https:\/\/colosseo.it\/es\/wp-json\/wp\/v2\/posts\/47487\/revisions"}],"predecessor-version":[{"id":47489,"href":"https:\/\/colosseo.it\/es\/wp-json\/wp\/v2\/posts\/47487\/revisions\/47489"}],"wp:featuredmedia":[{"embeddable":true,"href":"https:\/\/colosseo.it\/es\/wp-json\/wp\/v2\/media\/47484"}],"wp:attachment":[{"href":"https:\/\/colosseo.it\/es\/wp-json\/wp\/v2\/media?parent=47487"}],"wp:term":[{"taxonomy":"category","embeddable":true,"href":"https:\/\/colosseo.it\/es\/wp-json\/wp\/v2\/categories?post=47487"},{"taxonomy":"post_tag","embeddable":true,"href":"https:\/\/colosseo.it\/es\/wp-json\/wp\/v2\/tags?post=47487"}],"curies":[{"name":"wp","href":"https:\/\/api.w.org\/{rel}","templated":true}]}}