	
    {"id":47851,"date":"2024-09-23T09:06:32","date_gmt":"2024-09-23T07:06:32","guid":{"rendered":"https:\/\/colosseo.it\/?p=47851"},"modified":"2024-09-23T22:04:53","modified_gmt":"2024-09-23T20:04:53","slug":"cierre-temporal-del-museo-del-foro-romano-y-de-la-cella-de-roma-del-templo-de-venus-y-roma-23-26-de-septiembre-de-2024","status":"publish","type":"post","link":"https:\/\/colosseo.it\/es\/2024\/09\/cierre-temporal-del-museo-del-foro-romano-y-de-la-cella-de-roma-del-templo-de-venus-y-roma-23-26-de-septiembre-de-2024\/","title":{"rendered":"Cierre temporal del Museo del Foro Romano y de la cella de Roma del Templo de Venus y Roma 23-26 de septiembre de 2024"},"content":{"rendered":"<p><strong>Del lunes 23 al jueves 26 de septiembre de 2024<\/strong> incluido no se podr\u00e1 acceder al Museo del Foro Romano y a la cella del Templo de Venus y Roma con motivo de la configuraci\u00f3n de la exposici\u00f3n \u00abCyprea\u00bb.<\/p>\n<p>La celda de Venus (frente al Coliseo) y la terraza permanecer\u00e1n abiertas al p\u00fablico.<\/p>\n<p>El Museo reabrir\u00e1 sus puertas el 27 de septiembre de 2024.<\/p>\n","protected":false},"excerpt":{"rendered":"<p>Del lunes 23 al jueves 26 de septiembre de 2024 incluido no se podr\u00e1 acceder al Museo del Foro Romano y a la cella del Templo de Venus y Roma con motivo de la configuraci\u00f3n de la exposici\u00f3n \u00abCyprea\u00bb. La celda de Venus (frente al Coliseo) y la terraza permanecer\u00e1n abiertas al p\u00fablico. El Museo<a class=\"excerpt-read-more\" href=\"https:\/\/colosseo.it\/es\/2024\/09\/cierre-temporal-del-museo-del-foro-romano-y-de-la-cella-de-roma-del-templo-de-venus-y-roma-23-26-de-septiembre-de-2024\/\" title=\"ReadCierre temporal del Museo del Foro Romano y de la cella de Roma del Templo de Venus y Roma 23-26 de septiembre de 2024\">&#8230; Read more &raquo;<\/a><\/p>\n","protected":false},"author":19,"featured_media":36219,"comment_status":"closed","ping_status":"closed","sticky":false,"template":"","format":"standard","meta":[],"categories":[71],"tags":[],"acf":[],"_links":{"self":[{"href":"https:\/\/colosseo.it\/es\/wp-json\/wp\/v2\/posts\/47851"}],"collection":[{"href":"https:\/\/colosseo.it\/es\/wp-json\/wp\/v2\/posts"}],"about":[{"href":"https:\/\/colosseo.it\/es\/wp-json\/wp\/v2\/types\/post"}],"author":[{"embeddable":true,"href":"https:\/\/colosseo.it\/es\/wp-json\/wp\/v2\/users\/19"}],"replies":[{"embeddable":true,"href":"https:\/\/colosseo.it\/es\/wp-json\/wp\/v2\/comments?post=47851"}],"version-history":[{"count":3,"href":"https:\/\/colosseo.it\/es\/wp-json\/wp\/v2\/posts\/47851\/revisions"}],"predecessor-version":[{"id":47881,"href":"https:\/\/colosseo.it\/es\/wp-json\/wp\/v2\/posts\/47851\/revisions\/47881"}],"wp:featuredmedia":[{"embeddable":true,"href":"https:\/\/colosseo.it\/es\/wp-json\/wp\/v2\/media\/36219"}],"wp:attachment":[{"href":"https:\/\/colosseo.it\/es\/wp-json\/wp\/v2\/media?parent=47851"}],"wp:term":[{"taxonomy":"category","embeddable":true,"href":"https:\/\/colosseo.it\/es\/wp-json\/wp\/v2\/categories?post=47851"},{"taxonomy":"post_tag","embeddable":true,"href":"https:\/\/colosseo.it\/es\/wp-json\/wp\/v2\/tags?post=47851"}],"curies":[{"name":"wp","href":"https:\/\/api.w.org\/{rel}","templated":true}]}}