	
    {"id":47887,"date":"2024-09-25T13:33:07","date_gmt":"2024-09-25T11:33:07","guid":{"rendered":"https:\/\/colosseo.it\/?p=47887"},"modified":"2024-09-25T13:33:07","modified_gmt":"2024-09-25T11:33:07","slug":"cierre-temporal-de-la-casa-de-las-vestales-25-26-de-septiembre-de-2024","status":"publish","type":"post","link":"https:\/\/colosseo.it\/es\/2024\/09\/cierre-temporal-de-la-casa-de-las-vestales-25-26-de-septiembre-de-2024\/","title":{"rendered":"Cierre temporal de la Casa de las Vestales 25-26 de septiembre de 2024"},"content":{"rendered":"<p>El mi\u00e9rcoles 25 de septiembre de 2024, la Casa de las Vestales abrir\u00e1 a las 15.00 horas.<br \/>\nEl jueves 26 de septiembre de 2024 permanecer\u00e1 cerrada durante todo el d\u00eda.<\/p>\n<p>La Casa de las Vestales volver\u00e1 a abrir el 27 de septiembre de 2024.<\/p>\n","protected":false},"excerpt":{"rendered":"<p>El mi\u00e9rcoles 25 de septiembre de 2024, la Casa de las Vestales abrir\u00e1 a las 15.00 horas. El jueves 26 de septiembre de 2024 permanecer\u00e1 cerrada durante todo el d\u00eda. La Casa de las Vestales volver\u00e1 a abrir el 27 de septiembre de 2024.<\/p>\n","protected":false},"author":19,"featured_media":8919,"comment_status":"closed","ping_status":"closed","sticky":false,"template":"","format":"standard","meta":[],"categories":[71],"tags":[],"acf":[],"_links":{"self":[{"href":"https:\/\/colosseo.it\/es\/wp-json\/wp\/v2\/posts\/47887"}],"collection":[{"href":"https:\/\/colosseo.it\/es\/wp-json\/wp\/v2\/posts"}],"about":[{"href":"https:\/\/colosseo.it\/es\/wp-json\/wp\/v2\/types\/post"}],"author":[{"embeddable":true,"href":"https:\/\/colosseo.it\/es\/wp-json\/wp\/v2\/users\/19"}],"replies":[{"embeddable":true,"href":"https:\/\/colosseo.it\/es\/wp-json\/wp\/v2\/comments?post=47887"}],"version-history":[{"count":1,"href":"https:\/\/colosseo.it\/es\/wp-json\/wp\/v2\/posts\/47887\/revisions"}],"predecessor-version":[{"id":47892,"href":"https:\/\/colosseo.it\/es\/wp-json\/wp\/v2\/posts\/47887\/revisions\/47892"}],"wp:featuredmedia":[{"embeddable":true,"href":"https:\/\/colosseo.it\/es\/wp-json\/wp\/v2\/media\/8919"}],"wp:attachment":[{"href":"https:\/\/colosseo.it\/es\/wp-json\/wp\/v2\/media?parent=47887"}],"wp:term":[{"taxonomy":"category","embeddable":true,"href":"https:\/\/colosseo.it\/es\/wp-json\/wp\/v2\/categories?post=47887"},{"taxonomy":"post_tag","embeddable":true,"href":"https:\/\/colosseo.it\/es\/wp-json\/wp\/v2\/tags?post=47887"}],"curies":[{"name":"wp","href":"https:\/\/api.w.org\/{rel}","templated":true}]}}