	
    {"id":49316,"date":"2024-12-18T10:44:22","date_gmt":"2024-12-18T09:44:22","guid":{"rendered":"https:\/\/colosseo.it\/?p=49316"},"modified":"2024-12-18T10:44:22","modified_gmt":"2024-12-18T09:44:22","slug":"cierre-temporal-del-museo-del-foro-romano-el-18-de-diciembre-de-2024-2","status":"publish","type":"post","link":"https:\/\/colosseo.it\/es\/2024\/12\/cierre-temporal-del-museo-del-foro-romano-el-18-de-diciembre-de-2024-2\/","title":{"rendered":"Cierre temporal del Museo del Foro Romano el 18 de diciembre de 2024"},"content":{"rendered":"<p>El acceso al Museo del Foro Romano no ser\u00e1 posible el mi\u00e9rcoles 18 de diciembre de 2024.<\/p>\n<p>El Museo volver\u00e1 a abrir el 19 de diciembre de 2024.<\/p>\n","protected":false},"excerpt":{"rendered":"<p>El acceso al Museo del Foro Romano no ser\u00e1 posible el mi\u00e9rcoles 18 de diciembre de 2024. El Museo volver\u00e1 a abrir el 19 de diciembre de 2024.<\/p>\n","protected":false},"author":19,"featured_media":36219,"comment_status":"closed","ping_status":"closed","sticky":false,"template":"","format":"standard","meta":[],"categories":[71],"tags":[],"acf":[],"_links":{"self":[{"href":"https:\/\/colosseo.it\/es\/wp-json\/wp\/v2\/posts\/49316"}],"collection":[{"href":"https:\/\/colosseo.it\/es\/wp-json\/wp\/v2\/posts"}],"about":[{"href":"https:\/\/colosseo.it\/es\/wp-json\/wp\/v2\/types\/post"}],"author":[{"embeddable":true,"href":"https:\/\/colosseo.it\/es\/wp-json\/wp\/v2\/users\/19"}],"replies":[{"embeddable":true,"href":"https:\/\/colosseo.it\/es\/wp-json\/wp\/v2\/comments?post=49316"}],"version-history":[{"count":1,"href":"https:\/\/colosseo.it\/es\/wp-json\/wp\/v2\/posts\/49316\/revisions"}],"predecessor-version":[{"id":49318,"href":"https:\/\/colosseo.it\/es\/wp-json\/wp\/v2\/posts\/49316\/revisions\/49318"}],"wp:featuredmedia":[{"embeddable":true,"href":"https:\/\/colosseo.it\/es\/wp-json\/wp\/v2\/media\/36219"}],"wp:attachment":[{"href":"https:\/\/colosseo.it\/es\/wp-json\/wp\/v2\/media?parent=49316"}],"wp:term":[{"taxonomy":"category","embeddable":true,"href":"https:\/\/colosseo.it\/es\/wp-json\/wp\/v2\/categories?post=49316"},{"taxonomy":"post_tag","embeddable":true,"href":"https:\/\/colosseo.it\/es\/wp-json\/wp\/v2\/tags?post=49316"}],"curies":[{"name":"wp","href":"https:\/\/api.w.org\/{rel}","templated":true}]}}