	
    {"id":49708,"date":"2025-01-20T17:32:44","date_gmt":"2025-01-20T16:32:44","guid":{"rendered":"https:\/\/colosseo.it\/?p=49708"},"modified":"2025-01-20T17:32:44","modified_gmt":"2025-01-20T16:32:44","slug":"cierre-temporal-uccelliere-farnesiane-y-ninfeo-della-pioggia-21-23-de-enero-de-2025","status":"publish","type":"post","link":"https:\/\/colosseo.it\/es\/2025\/01\/cierre-temporal-uccelliere-farnesiane-y-ninfeo-della-pioggia-21-23-de-enero-de-2025\/","title":{"rendered":"Cierre temporal Uccelliere Farnesiane y Ninfeo della Pioggia (21-23 de enero de 2025)"},"content":{"rendered":"<p>&nbsp;<\/p>\n<p>Los d\u00edas <strong>21, 22 y 23 de enero de 2025<\/strong>, las <strong>Uccelliere Farnesiane<\/strong> y el <strong>Ninfeo de la Lluvia<\/strong> permanecer\u00e1n cerrados al p\u00fablico para permitir la realizaci\u00f3n de una serie de investigaciones diagn\u00f3sticas.<\/p>\n<p>Los monumentos volver\u00e1n a abrir el 24 de enero de 2025.<\/p>\n","protected":false},"excerpt":{"rendered":"<p>&nbsp; Los d\u00edas 21, 22 y 23 de enero de 2025, las Uccelliere Farnesiane y el Ninfeo de la Lluvia permanecer\u00e1n cerrados al p\u00fablico para permitir la realizaci\u00f3n de una serie de investigaciones diagn\u00f3sticas. Los monumentos volver\u00e1n a abrir el 24 de enero de 2025.<\/p>\n","protected":false},"author":19,"featured_media":45616,"comment_status":"closed","ping_status":"closed","sticky":false,"template":"","format":"standard","meta":[],"categories":[71],"tags":[],"acf":[],"_links":{"self":[{"href":"https:\/\/colosseo.it\/es\/wp-json\/wp\/v2\/posts\/49708"}],"collection":[{"href":"https:\/\/colosseo.it\/es\/wp-json\/wp\/v2\/posts"}],"about":[{"href":"https:\/\/colosseo.it\/es\/wp-json\/wp\/v2\/types\/post"}],"author":[{"embeddable":true,"href":"https:\/\/colosseo.it\/es\/wp-json\/wp\/v2\/users\/19"}],"replies":[{"embeddable":true,"href":"https:\/\/colosseo.it\/es\/wp-json\/wp\/v2\/comments?post=49708"}],"version-history":[{"count":1,"href":"https:\/\/colosseo.it\/es\/wp-json\/wp\/v2\/posts\/49708\/revisions"}],"predecessor-version":[{"id":49711,"href":"https:\/\/colosseo.it\/es\/wp-json\/wp\/v2\/posts\/49708\/revisions\/49711"}],"wp:featuredmedia":[{"embeddable":true,"href":"https:\/\/colosseo.it\/es\/wp-json\/wp\/v2\/media\/45616"}],"wp:attachment":[{"href":"https:\/\/colosseo.it\/es\/wp-json\/wp\/v2\/media?parent=49708"}],"wp:term":[{"taxonomy":"category","embeddable":true,"href":"https:\/\/colosseo.it\/es\/wp-json\/wp\/v2\/categories?post=49708"},{"taxonomy":"post_tag","embeddable":true,"href":"https:\/\/colosseo.it\/es\/wp-json\/wp\/v2\/tags?post=49708"}],"curies":[{"name":"wp","href":"https:\/\/api.w.org\/{rel}","templated":true}]}}