	
    {"id":49745,"date":"2025-01-22T13:04:12","date_gmt":"2025-01-22T12:04:12","guid":{"rendered":"https:\/\/colosseo.it\/?p=49745"},"modified":"2025-01-22T13:04:12","modified_gmt":"2025-01-22T12:04:12","slug":"cierre-temporal-de-la-curia-iulia-hasta-el-sabado-8-de-febrero-de-2025","status":"publish","type":"post","link":"https:\/\/colosseo.it\/es\/2025\/01\/cierre-temporal-de-la-curia-iulia-hasta-el-sabado-8-de-febrero-de-2025\/","title":{"rendered":"Cierre temporal de la Curia Iulia hasta el s\u00e1bado 8 de febrero de 2025"},"content":{"rendered":"<p>&nbsp;<\/p>\n<p>Para permitir la instalaci\u00f3n de la exposici\u00f3n \u00ab<strong>De Sharjah a Roma por la Ruta de las Especias<\/strong>\u00bb, la Curia Iulia permanecer\u00e1 cerrada al p\u00fablico <strong>hasta el 3 de febrero de 2025<\/strong>.<\/p>\n<p><strong>El s\u00e1bado 8 de febrero, la Curia volver\u00e1 a abrir al p\u00fablico como de costumbre.<\/strong><\/p>\n","protected":false},"excerpt":{"rendered":"<p>&nbsp; Para permitir la instalaci\u00f3n de la exposici\u00f3n \u00abDe Sharjah a Roma por la Ruta de las Especias\u00bb, la Curia Iulia permanecer\u00e1 cerrada al p\u00fablico hasta el 3 de febrero de 2025. El s\u00e1bado 8 de febrero, la Curia volver\u00e1 a abrir al p\u00fablico como de costumbre.<\/p>\n","protected":false},"author":19,"featured_media":22842,"comment_status":"closed","ping_status":"closed","sticky":false,"template":"","format":"standard","meta":[],"categories":[71],"tags":[],"acf":[],"_links":{"self":[{"href":"https:\/\/colosseo.it\/es\/wp-json\/wp\/v2\/posts\/49745"}],"collection":[{"href":"https:\/\/colosseo.it\/es\/wp-json\/wp\/v2\/posts"}],"about":[{"href":"https:\/\/colosseo.it\/es\/wp-json\/wp\/v2\/types\/post"}],"author":[{"embeddable":true,"href":"https:\/\/colosseo.it\/es\/wp-json\/wp\/v2\/users\/19"}],"replies":[{"embeddable":true,"href":"https:\/\/colosseo.it\/es\/wp-json\/wp\/v2\/comments?post=49745"}],"version-history":[{"count":1,"href":"https:\/\/colosseo.it\/es\/wp-json\/wp\/v2\/posts\/49745\/revisions"}],"predecessor-version":[{"id":49750,"href":"https:\/\/colosseo.it\/es\/wp-json\/wp\/v2\/posts\/49745\/revisions\/49750"}],"wp:featuredmedia":[{"embeddable":true,"href":"https:\/\/colosseo.it\/es\/wp-json\/wp\/v2\/media\/22842"}],"wp:attachment":[{"href":"https:\/\/colosseo.it\/es\/wp-json\/wp\/v2\/media?parent=49745"}],"wp:term":[{"taxonomy":"category","embeddable":true,"href":"https:\/\/colosseo.it\/es\/wp-json\/wp\/v2\/categories?post=49745"},{"taxonomy":"post_tag","embeddable":true,"href":"https:\/\/colosseo.it\/es\/wp-json\/wp\/v2\/tags?post=49745"}],"curies":[{"name":"wp","href":"https:\/\/api.w.org\/{rel}","templated":true}]}}