	
    {"id":50243,"date":"2025-02-11T16:55:38","date_gmt":"2025-02-11T15:55:38","guid":{"rendered":"https:\/\/colosseo.it\/?p=50243"},"modified":"2025-02-11T16:55:38","modified_gmt":"2025-02-11T15:55:38","slug":"museo-del-foro-romano-cerrado-12-de-febrero-de-2025","status":"publish","type":"post","link":"https:\/\/colosseo.it\/es\/2025\/02\/museo-del-foro-romano-cerrado-12-de-febrero-de-2025\/","title":{"rendered":"Museo del Foro Romano cerrado 12 de febrero de 2025"},"content":{"rendered":"<p>El mi\u00e9rcoles 12 de febrero no habr\u00e1 acceso al Museo del Foro Romano para la rueda de prensa de presentaci\u00f3n de la exposici\u00f3n\u00a0<em><strong>Brancusi. Scolpire il volo<\/strong><\/em><\/p>\n<p>Rogamos disculpen las molestias.<\/p>\n<p>El Museo reabrir\u00e1 regularmente el jueves 13 de febrero de 2025.<\/p>\n","protected":false},"excerpt":{"rendered":"<p>El mi\u00e9rcoles 12 de febrero no habr\u00e1 acceso al Museo del Foro Romano para la rueda de prensa de presentaci\u00f3n de la exposici\u00f3n\u00a0Brancusi. Scolpire il volo Rogamos disculpen las molestias. El Museo reabrir\u00e1 regularmente el jueves 13 de febrero de 2025.<\/p>\n","protected":false},"author":19,"featured_media":36219,"comment_status":"closed","ping_status":"closed","sticky":false,"template":"","format":"standard","meta":[],"categories":[71],"tags":[],"acf":[],"_links":{"self":[{"href":"https:\/\/colosseo.it\/es\/wp-json\/wp\/v2\/posts\/50243"}],"collection":[{"href":"https:\/\/colosseo.it\/es\/wp-json\/wp\/v2\/posts"}],"about":[{"href":"https:\/\/colosseo.it\/es\/wp-json\/wp\/v2\/types\/post"}],"author":[{"embeddable":true,"href":"https:\/\/colosseo.it\/es\/wp-json\/wp\/v2\/users\/19"}],"replies":[{"embeddable":true,"href":"https:\/\/colosseo.it\/es\/wp-json\/wp\/v2\/comments?post=50243"}],"version-history":[{"count":1,"href":"https:\/\/colosseo.it\/es\/wp-json\/wp\/v2\/posts\/50243\/revisions"}],"predecessor-version":[{"id":50246,"href":"https:\/\/colosseo.it\/es\/wp-json\/wp\/v2\/posts\/50243\/revisions\/50246"}],"wp:featuredmedia":[{"embeddable":true,"href":"https:\/\/colosseo.it\/es\/wp-json\/wp\/v2\/media\/36219"}],"wp:attachment":[{"href":"https:\/\/colosseo.it\/es\/wp-json\/wp\/v2\/media?parent=50243"}],"wp:term":[{"taxonomy":"category","embeddable":true,"href":"https:\/\/colosseo.it\/es\/wp-json\/wp\/v2\/categories?post=50243"},{"taxonomy":"post_tag","embeddable":true,"href":"https:\/\/colosseo.it\/es\/wp-json\/wp\/v2\/tags?post=50243"}],"curies":[{"name":"wp","href":"https:\/\/api.w.org\/{rel}","templated":true}]}}