	
    {"id":50488,"date":"2025-03-05T17:25:08","date_gmt":"2025-03-05T16:25:08","guid":{"rendered":"https:\/\/colosseo.it\/?p=50488"},"modified":"2025-03-05T17:25:33","modified_gmt":"2025-03-05T16:25:33","slug":"cierre-temporal-claustro","status":"publish","type":"post","link":"https:\/\/colosseo.it\/es\/2025\/03\/cierre-temporal-claustro\/","title":{"rendered":"Cierre temporal del claustro de Santa Maria Nova (6-7 de marzo de 2025)"},"content":{"rendered":"<p>Los <strong>d\u00edas 6 y 7 de marzo<\/strong>, el <strong>claustro de Santa Maria Nova<\/strong> permanecer\u00e1 cerrado al p\u00fablico con el fin de permitir las actividades previstas por el retejado de una parte de la Bas\u00edlica y del Convento.<\/p>\n<p>Rogamos disculpen las molestias; las obras finalizar\u00e1n, salvo imprevistos, el 7 de marzo y <strong>el claustro volver\u00e1 a abrir al p\u00fablico el s\u00e1bado 8 de marzo<\/strong>.<\/p>\n","protected":false},"excerpt":{"rendered":"<p>Los d\u00edas 6 y 7 de marzo, el claustro de Santa Maria Nova permanecer\u00e1 cerrado al p\u00fablico con el fin de permitir las actividades previstas por el retejado de una parte de la Bas\u00edlica y del Convento. Rogamos disculpen las molestias; las obras finalizar\u00e1n, salvo imprevistos, el 7 de marzo y el claustro volver\u00e1 a<a class=\"excerpt-read-more\" href=\"https:\/\/colosseo.it\/es\/2025\/03\/cierre-temporal-claustro\/\" title=\"ReadCierre temporal del claustro de Santa Maria Nova (6-7 de marzo de 2025)\">&#8230; Read more &raquo;<\/a><\/p>\n","protected":false},"author":19,"featured_media":50484,"comment_status":"closed","ping_status":"closed","sticky":false,"template":"","format":"standard","meta":[],"categories":[71],"tags":[],"acf":[],"_links":{"self":[{"href":"https:\/\/colosseo.it\/es\/wp-json\/wp\/v2\/posts\/50488"}],"collection":[{"href":"https:\/\/colosseo.it\/es\/wp-json\/wp\/v2\/posts"}],"about":[{"href":"https:\/\/colosseo.it\/es\/wp-json\/wp\/v2\/types\/post"}],"author":[{"embeddable":true,"href":"https:\/\/colosseo.it\/es\/wp-json\/wp\/v2\/users\/19"}],"replies":[{"embeddable":true,"href":"https:\/\/colosseo.it\/es\/wp-json\/wp\/v2\/comments?post=50488"}],"version-history":[{"count":1,"href":"https:\/\/colosseo.it\/es\/wp-json\/wp\/v2\/posts\/50488\/revisions"}],"predecessor-version":[{"id":50489,"href":"https:\/\/colosseo.it\/es\/wp-json\/wp\/v2\/posts\/50488\/revisions\/50489"}],"wp:featuredmedia":[{"embeddable":true,"href":"https:\/\/colosseo.it\/es\/wp-json\/wp\/v2\/media\/50484"}],"wp:attachment":[{"href":"https:\/\/colosseo.it\/es\/wp-json\/wp\/v2\/media?parent=50488"}],"wp:term":[{"taxonomy":"category","embeddable":true,"href":"https:\/\/colosseo.it\/es\/wp-json\/wp\/v2\/categories?post=50488"},{"taxonomy":"post_tag","embeddable":true,"href":"https:\/\/colosseo.it\/es\/wp-json\/wp\/v2\/tags?post=50488"}],"curies":[{"name":"wp","href":"https:\/\/api.w.org\/{rel}","templated":true}]}}