	
    {"id":50688,"date":"2025-03-19T16:25:23","date_gmt":"2025-03-19T15:25:23","guid":{"rendered":"https:\/\/colosseo.it\/?p=50688"},"modified":"2025-04-08T17:31:46","modified_gmt":"2025-04-08T15:31:46","slug":"cierres-con-motivo-del-via-crucis-2025-viernes-18-de-abril","status":"publish","type":"post","link":"https:\/\/colosseo.it\/es\/2025\/03\/cierres-con-motivo-del-via-crucis-2025-viernes-18-de-abril\/","title":{"rendered":"Cierres con motivo del V\u00eda Crucis 2025 (viernes 18 de abril)"},"content":{"rendered":"<p>El <strong>18 de abril<\/strong> es Viernes Santo para los cat\u00f3licos.<br \/>\n<strong>Ese d\u00eda en el Coliseo se celebra el V\u00eda Crucis.<\/strong><\/p>\n<p><strong>Las reservas est\u00e1n actualmente cerradas para ese d\u00eda<\/strong>, estamos a la espera de la comunicaci\u00f3n de las Autoridades.<br \/>\nSi el Coliseo abre al p\u00fablico *s\u00f3lo por la ma\u00f1ana*, se lo comunicaremos.<\/p>\n<p>&nbsp;<\/p>\n<p>Del mi\u00e9rcoles 9 de abril al s\u00e1bado 19 de abril de 2025 inclusive, el acceso a los monumentos que dan directamente a la plaza del Coliseo sufrir\u00e1 algunos cambios para permitir los trabajos necesarios para la filmaci\u00f3n del V\u00eda Crucis, que se celebra la tarde del viernes 18 de abril.<\/p>\n<p>Permanecer\u00e1n cerrados temporalmente:<\/p>\n<ul>\n<li><strong>Terme di Elagabalo<\/strong> del mi\u00e9rcoles 9 de abril al s\u00e1bado 19 de abril de 2025 inclusive<\/li>\n<li><strong>Templo de Venus y Roma<\/strong> del mi\u00e9rcoles 9 de abril al s\u00e1bado 19 de abril de 2025 inclusive<\/li>\n<\/ul>\n<p>La celda del Templo de Venus y Roma, que da al Capitolio, permanecer\u00e1 abierta. Se acceder\u00e1 a ella desde el Museo del Foro Romano, situado en el complejo de Santa Maria Nova.<\/p>\n<p>&nbsp;<\/p>\n<p>El V\u00eda Crucis ser\u00e1 retransmitido por Rai Uno en todo el mundo a partir de las 21.00 horas del 18 de abril.<\/p>\n","protected":false},"excerpt":{"rendered":"<p>El 18 de abril es Viernes Santo para los cat\u00f3licos. Ese d\u00eda en el Coliseo se celebra el V\u00eda Crucis. Las reservas est\u00e1n actualmente cerradas para ese d\u00eda, estamos a la espera de la comunicaci\u00f3n de las Autoridades. Si el Coliseo abre al p\u00fablico *s\u00f3lo por la ma\u00f1ana*, se lo comunicaremos. &nbsp; Del mi\u00e9rcoles 9<a class=\"excerpt-read-more\" href=\"https:\/\/colosseo.it\/es\/2025\/03\/cierres-con-motivo-del-via-crucis-2025-viernes-18-de-abril\/\" title=\"ReadCierres con motivo del V\u00eda Crucis 2025 (viernes 18 de abril)\">&#8230; Read more &raquo;<\/a><\/p>\n","protected":false},"author":19,"featured_media":0,"comment_status":"closed","ping_status":"closed","sticky":false,"template":"","format":"standard","meta":[],"categories":[71],"tags":[],"acf":[],"_links":{"self":[{"href":"https:\/\/colosseo.it\/es\/wp-json\/wp\/v2\/posts\/50688"}],"collection":[{"href":"https:\/\/colosseo.it\/es\/wp-json\/wp\/v2\/posts"}],"about":[{"href":"https:\/\/colosseo.it\/es\/wp-json\/wp\/v2\/types\/post"}],"author":[{"embeddable":true,"href":"https:\/\/colosseo.it\/es\/wp-json\/wp\/v2\/users\/19"}],"replies":[{"embeddable":true,"href":"https:\/\/colosseo.it\/es\/wp-json\/wp\/v2\/comments?post=50688"}],"version-history":[{"count":2,"href":"https:\/\/colosseo.it\/es\/wp-json\/wp\/v2\/posts\/50688\/revisions"}],"predecessor-version":[{"id":50990,"href":"https:\/\/colosseo.it\/es\/wp-json\/wp\/v2\/posts\/50688\/revisions\/50990"}],"wp:attachment":[{"href":"https:\/\/colosseo.it\/es\/wp-json\/wp\/v2\/media?parent=50688"}],"wp:term":[{"taxonomy":"category","embeddable":true,"href":"https:\/\/colosseo.it\/es\/wp-json\/wp\/v2\/categories?post=50688"},{"taxonomy":"post_tag","embeddable":true,"href":"https:\/\/colosseo.it\/es\/wp-json\/wp\/v2\/tags?post=50688"}],"curies":[{"name":"wp","href":"https:\/\/api.w.org\/{rel}","templated":true}]}}