	
    {"id":51252,"date":"2025-04-28T15:22:31","date_gmt":"2025-04-28T13:22:31","guid":{"rendered":"https:\/\/colosseo.it\/?p=51252"},"modified":"2025-04-28T15:22:31","modified_gmt":"2025-04-28T13:22:31","slug":"cierre-temporal-del-templo-de-venus-y-roma-desde-24-de-april-de-2025","status":"publish","type":"post","link":"https:\/\/colosseo.it\/es\/2025\/04\/cierre-temporal-del-templo-de-venus-y-roma-desde-24-de-april-de-2025\/","title":{"rendered":"Cierre temporal del Templo de Venus y Roma (desde 24 de april de 2025)"},"content":{"rendered":"<p>A partir del <strong>jueves 24 de abril de 2025<\/strong>, la terraza del <strong>Templo de Venus y Roma<\/strong>, frente al Coliseo, se cerrar\u00e1 temporalmente para permitir la nueva pavimentaci\u00f3n en losas de peperino.<br \/>\nLa reapertura se anunciar\u00e1 lo antes posible.<\/p>\n<p>El Museo del Foro Romano y la Cella della diosa Roma permanecer\u00e1n abiertos regularmente.<\/p>\n<p>Rogamos disculpen las molestias.<\/p>\n","protected":false},"excerpt":{"rendered":"<p>A partir del jueves 24 de abril de 2025, la terraza del Templo de Venus y Roma, frente al Coliseo, se cerrar\u00e1 temporalmente para permitir la nueva pavimentaci\u00f3n en losas de peperino. La reapertura se anunciar\u00e1 lo antes posible. El Museo del Foro Romano y la Cella della diosa Roma permanecer\u00e1n abiertos regularmente. Rogamos disculpen<a class=\"excerpt-read-more\" href=\"https:\/\/colosseo.it\/es\/2025\/04\/cierre-temporal-del-templo-de-venus-y-roma-desde-24-de-april-de-2025\/\" title=\"ReadCierre temporal del Templo de Venus y Roma (desde 24 de april de 2025)\">&#8230; Read more &raquo;<\/a><\/p>\n","protected":false},"author":19,"featured_media":38614,"comment_status":"closed","ping_status":"closed","sticky":false,"template":"","format":"standard","meta":[],"categories":[71],"tags":[],"acf":[],"_links":{"self":[{"href":"https:\/\/colosseo.it\/es\/wp-json\/wp\/v2\/posts\/51252"}],"collection":[{"href":"https:\/\/colosseo.it\/es\/wp-json\/wp\/v2\/posts"}],"about":[{"href":"https:\/\/colosseo.it\/es\/wp-json\/wp\/v2\/types\/post"}],"author":[{"embeddable":true,"href":"https:\/\/colosseo.it\/es\/wp-json\/wp\/v2\/users\/19"}],"replies":[{"embeddable":true,"href":"https:\/\/colosseo.it\/es\/wp-json\/wp\/v2\/comments?post=51252"}],"version-history":[{"count":1,"href":"https:\/\/colosseo.it\/es\/wp-json\/wp\/v2\/posts\/51252\/revisions"}],"predecessor-version":[{"id":51255,"href":"https:\/\/colosseo.it\/es\/wp-json\/wp\/v2\/posts\/51252\/revisions\/51255"}],"wp:featuredmedia":[{"embeddable":true,"href":"https:\/\/colosseo.it\/es\/wp-json\/wp\/v2\/media\/38614"}],"wp:attachment":[{"href":"https:\/\/colosseo.it\/es\/wp-json\/wp\/v2\/media?parent=51252"}],"wp:term":[{"taxonomy":"category","embeddable":true,"href":"https:\/\/colosseo.it\/es\/wp-json\/wp\/v2\/categories?post=51252"},{"taxonomy":"post_tag","embeddable":true,"href":"https:\/\/colosseo.it\/es\/wp-json\/wp\/v2\/tags?post=51252"}],"curies":[{"name":"wp","href":"https:\/\/api.w.org\/{rel}","templated":true}]}}