	
    {"id":51279,"date":"2025-04-30T11:11:31","date_gmt":"2025-04-30T09:11:31","guid":{"rendered":"https:\/\/colosseo.it\/?p=51279"},"modified":"2025-04-30T11:11:31","modified_gmt":"2025-04-30T09:11:31","slug":"comunicacion-para-los-visitantes-de-espana-y-portugal-afectados-por-el-apagon","status":"publish","type":"post","link":"https:\/\/colosseo.it\/es\/2025\/04\/comunicacion-para-los-visitantes-de-espana-y-portugal-afectados-por-el-apagon\/","title":{"rendered":"Comunicaci\u00f3n para los visitantes de Espa\u00f1a y Portugal afectados por el apag\u00f3n"},"content":{"rendered":"<div class=\"xdj266r x11i5rnm xat24cr x1mh8g0r x1vvkbs x126k92a\"><\/div>\n<div class=\"x11i5rnm xat24cr x1mh8g0r x1vvkbs xtlvy1s x126k92a\" style=\"text-align: justify;\">\n<div dir=\"auto\"><\/div>\n<div dir=\"auto\">Para cualquier problema relacionado con las reservas para el Parque arqueol\u00f3gico del Coliseo, invitamos a los visitantes de Espa\u00f1a y Portugal, afectados por el blackout de los \u00faltimos d\u00edas, a ponerse en contacto con <a href=\"mailto:helpdesk@ticketcolosseo.com\">helpdesk@ticketcolosseo.com<\/a><\/div>\n<\/div>\n<div class=\"x11i5rnm xat24cr x1mh8g0r x1vvkbs xtlvy1s x126k92a\">\n<div dir=\"auto\" style=\"text-align: justify;\"><\/div>\n<div dir=\"auto\" style=\"text-align: justify;\">Para qualquer problema relacionado com as reservas para o Parque arqueol\u00f3gico do Coliseu, convidamos os visitantes de Espanha e Portugal, afetados pelo blackout dos \u00faltimos dias, a contatar <a href=\"mailto:helpdesk@ticketcolosseo.com\">helpdesk@ticketcolosseo.com<\/a><\/div>\n<\/div>\n","protected":false},"excerpt":{"rendered":"<p>Para cualquier problema relacionado con las reservas para el Parque arqueol\u00f3gico del Coliseo, invitamos a los visitantes de Espa\u00f1a y Portugal, afectados por el blackout de los \u00faltimos d\u00edas, a ponerse en contacto con helpdesk@ticketcolosseo.com Para qualquer problema relacionado com as reservas para o Parque arqueol\u00f3gico do Coliseu, convidamos os visitantes de Espanha e Portugal,<a class=\"excerpt-read-more\" href=\"https:\/\/colosseo.it\/es\/2025\/04\/comunicacion-para-los-visitantes-de-espana-y-portugal-afectados-por-el-apagon\/\" title=\"ReadComunicaci\u00f3n para los visitantes de Espa\u00f1a y Portugal afectados por el apag\u00f3n\">&#8230; Read more &raquo;<\/a><\/p>\n","protected":false},"author":19,"featured_media":0,"comment_status":"closed","ping_status":"closed","sticky":true,"template":"","format":"standard","meta":[],"categories":[71],"tags":[],"acf":[],"_links":{"self":[{"href":"https:\/\/colosseo.it\/es\/wp-json\/wp\/v2\/posts\/51279"}],"collection":[{"href":"https:\/\/colosseo.it\/es\/wp-json\/wp\/v2\/posts"}],"about":[{"href":"https:\/\/colosseo.it\/es\/wp-json\/wp\/v2\/types\/post"}],"author":[{"embeddable":true,"href":"https:\/\/colosseo.it\/es\/wp-json\/wp\/v2\/users\/19"}],"replies":[{"embeddable":true,"href":"https:\/\/colosseo.it\/es\/wp-json\/wp\/v2\/comments?post=51279"}],"version-history":[{"count":1,"href":"https:\/\/colosseo.it\/es\/wp-json\/wp\/v2\/posts\/51279\/revisions"}],"predecessor-version":[{"id":51280,"href":"https:\/\/colosseo.it\/es\/wp-json\/wp\/v2\/posts\/51279\/revisions\/51280"}],"wp:attachment":[{"href":"https:\/\/colosseo.it\/es\/wp-json\/wp\/v2\/media?parent=51279"}],"wp:term":[{"taxonomy":"category","embeddable":true,"href":"https:\/\/colosseo.it\/es\/wp-json\/wp\/v2\/categories?post=51279"},{"taxonomy":"post_tag","embeddable":true,"href":"https:\/\/colosseo.it\/es\/wp-json\/wp\/v2\/tags?post=51279"}],"curies":[{"name":"wp","href":"https:\/\/api.w.org\/{rel}","templated":true}]}}