	
    {"id":51507,"date":"2025-05-07T11:31:39","date_gmt":"2025-05-07T09:31:39","guid":{"rendered":"https:\/\/colosseo.it\/?p=51507"},"modified":"2025-05-07T11:31:39","modified_gmt":"2025-05-07T09:31:39","slug":"museo-del-foro-romano-temporalmente-cerrado-7-8-de-mayo-de-2025","status":"publish","type":"post","link":"https:\/\/colosseo.it\/es\/2025\/05\/museo-del-foro-romano-temporalmente-cerrado-7-8-de-mayo-de-2025\/","title":{"rendered":"Museo del Foro Romano temporalmente cerrado (7-8 de mayo de 2025)"},"content":{"rendered":"<p><strong>El mi\u00e9rcoles 7 y el jueves 8 de mayo<\/strong>, el Museo del Foro Romano permanecer\u00e1 cerrado entre las 12.00 y las 16.00 horas.<\/p>\n<p>Rogamos disculpen las molestias.<\/p>\n<p>El Museo reabrir\u00e1 regularmente el viernes 9 de mayo de 2025.<\/p>\n","protected":false},"excerpt":{"rendered":"<p>El mi\u00e9rcoles 7 y el jueves 8 de mayo, el Museo del Foro Romano permanecer\u00e1 cerrado entre las 12.00 y las 16.00 horas. Rogamos disculpen las molestias. El Museo reabrir\u00e1 regularmente el viernes 9 de mayo de 2025.<\/p>\n","protected":false},"author":19,"featured_media":36219,"comment_status":"closed","ping_status":"closed","sticky":false,"template":"","format":"standard","meta":[],"categories":[71],"tags":[],"acf":[],"_links":{"self":[{"href":"https:\/\/colosseo.it\/es\/wp-json\/wp\/v2\/posts\/51507"}],"collection":[{"href":"https:\/\/colosseo.it\/es\/wp-json\/wp\/v2\/posts"}],"about":[{"href":"https:\/\/colosseo.it\/es\/wp-json\/wp\/v2\/types\/post"}],"author":[{"embeddable":true,"href":"https:\/\/colosseo.it\/es\/wp-json\/wp\/v2\/users\/19"}],"replies":[{"embeddable":true,"href":"https:\/\/colosseo.it\/es\/wp-json\/wp\/v2\/comments?post=51507"}],"version-history":[{"count":1,"href":"https:\/\/colosseo.it\/es\/wp-json\/wp\/v2\/posts\/51507\/revisions"}],"predecessor-version":[{"id":51511,"href":"https:\/\/colosseo.it\/es\/wp-json\/wp\/v2\/posts\/51507\/revisions\/51511"}],"wp:featuredmedia":[{"embeddable":true,"href":"https:\/\/colosseo.it\/es\/wp-json\/wp\/v2\/media\/36219"}],"wp:attachment":[{"href":"https:\/\/colosseo.it\/es\/wp-json\/wp\/v2\/media?parent=51507"}],"wp:term":[{"taxonomy":"category","embeddable":true,"href":"https:\/\/colosseo.it\/es\/wp-json\/wp\/v2\/categories?post=51507"},{"taxonomy":"post_tag","embeddable":true,"href":"https:\/\/colosseo.it\/es\/wp-json\/wp\/v2\/tags?post=51507"}],"curies":[{"name":"wp","href":"https:\/\/api.w.org\/{rel}","templated":true}]}}