	
    {"id":51750,"date":"2025-06-09T09:37:06","date_gmt":"2025-06-09T07:37:06","guid":{"rendered":"https:\/\/colosseo.it\/?p=51750"},"modified":"2025-06-09T09:37:06","modified_gmt":"2025-06-09T07:37:06","slug":"cierre-de-los-banos-en-la-zona-de-las-termas-de-elagabalo","status":"publish","type":"post","link":"https:\/\/colosseo.it\/es\/2025\/06\/cierre-de-los-banos-en-la-zona-de-las-termas-de-elagabalo\/","title":{"rendered":"Cierre de los ba\u00f1os en la zona de las Termas de Elag\u00e1balo"},"content":{"rendered":"<p>&nbsp;<\/p>\n<p><strong>A partir del lunes 9 de junio de 2025 y durante unas tres semanas<\/strong>, la zona de ba\u00f1os cercana a las Termas de Elag\u00e1balo, a la que se accede por el pasaje cubierto a lo largo del Clivo Palatino, permanecer\u00e1 cerrada por obras urgentes de renovaci\u00f3n.<br \/>\nPor lo tanto, los aseos en uso en la zona a disposici\u00f3n del p\u00fablico ser\u00e1n <strong>\u00fanicamente los de Santa Maria Nova &#8211; Museo del Foro Romano<\/strong>.<\/p>\n","protected":false},"excerpt":{"rendered":"<p>&nbsp; A partir del lunes 9 de junio de 2025 y durante unas tres semanas, la zona de ba\u00f1os cercana a las Termas de Elag\u00e1balo, a la que se accede por el pasaje cubierto a lo largo del Clivo Palatino, permanecer\u00e1 cerrada por obras urgentes de renovaci\u00f3n. Por lo tanto, los aseos en uso en<a class=\"excerpt-read-more\" href=\"https:\/\/colosseo.it\/es\/2025\/06\/cierre-de-los-banos-en-la-zona-de-las-termas-de-elagabalo\/\" title=\"ReadCierre de los ba\u00f1os en la zona de las Termas de Elag\u00e1balo\">&#8230; Read more &raquo;<\/a><\/p>\n","protected":false},"author":19,"featured_media":0,"comment_status":"closed","ping_status":"closed","sticky":true,"template":"","format":"standard","meta":[],"categories":[71],"tags":[],"acf":[],"_links":{"self":[{"href":"https:\/\/colosseo.it\/es\/wp-json\/wp\/v2\/posts\/51750"}],"collection":[{"href":"https:\/\/colosseo.it\/es\/wp-json\/wp\/v2\/posts"}],"about":[{"href":"https:\/\/colosseo.it\/es\/wp-json\/wp\/v2\/types\/post"}],"author":[{"embeddable":true,"href":"https:\/\/colosseo.it\/es\/wp-json\/wp\/v2\/users\/19"}],"replies":[{"embeddable":true,"href":"https:\/\/colosseo.it\/es\/wp-json\/wp\/v2\/comments?post=51750"}],"version-history":[{"count":1,"href":"https:\/\/colosseo.it\/es\/wp-json\/wp\/v2\/posts\/51750\/revisions"}],"predecessor-version":[{"id":51751,"href":"https:\/\/colosseo.it\/es\/wp-json\/wp\/v2\/posts\/51750\/revisions\/51751"}],"wp:attachment":[{"href":"https:\/\/colosseo.it\/es\/wp-json\/wp\/v2\/media?parent=51750"}],"wp:term":[{"taxonomy":"category","embeddable":true,"href":"https:\/\/colosseo.it\/es\/wp-json\/wp\/v2\/categories?post=51750"},{"taxonomy":"post_tag","embeddable":true,"href":"https:\/\/colosseo.it\/es\/wp-json\/wp\/v2\/tags?post=51750"}],"curies":[{"name":"wp","href":"https:\/\/api.w.org\/{rel}","templated":true}]}}