	
    {"id":52069,"date":"2025-07-04T17:20:57","date_gmt":"2025-07-04T15:20:57","guid":{"rendered":"https:\/\/colosseo.it\/?p=52069"},"modified":"2025-07-11T15:39:08","modified_gmt":"2025-07-11T13:39:08","slug":"cierre-anticipado-14-julio","status":"publish","type":"post","link":"https:\/\/colosseo.it\/es\/2025\/07\/cierre-anticipado-14-julio\/","title":{"rendered":"Cambios en el acceso debido a un evento (1-20 de julio) y cierre anticipado del Foro Romano y el Palatino (14 de julio)"},"content":{"rendered":"<p>Para permitir la celebraci\u00f3n de un acto previsto para el 14 de julio, ser\u00e1 necesario cerrar la entrada al Carcere Mamertino en las fechas siguientes:<\/p>\n<p><strong>1, 2, 3, 4, 13, 14, 17, 18, 19 y 20 de julio.<\/strong><\/p>\n<p>Todas las dem\u00e1s entradas permanecer\u00e1n abiertas.<\/p>\n<p>El 14 de julio, el Foro Romano y el Palatino cerrar\u00e1n a las 14.00 horas con \u00faltima entrada a las 13.00 horas.<br \/>\nLas taquillas del Foro Romano y del Palatino cerrar\u00e1n a las 16.00 horas.<br \/>\nEl Coliseo permanecer\u00e1 abierto regularmente hasta las 19.15 h (\u00faltima entrada a las 18.15 h) y las taquillas seguir\u00e1n disponibles para necesidades especiales (no para la venta regular).<\/p>\n<p>La validez de la entrada Coliseo 24h emitida para el 14 de julio se ampl\u00eda a todo el d\u00eda 15 de julio de 2025 para la visita de la zona arqueol\u00f3gica del Foro Romano &#8211; Palatino.<\/p>\n<p>&nbsp;<\/p>\n<p><a href=\"https:\/\/colosseo.it\/sito\/wp-content\/uploads\/2025\/07\/Chiusura_anticipata_14-luglio-2025-576x1024.jpg\"><img decoding=\"async\" loading=\"lazy\" class=\"aligncenter size-large wp-image-52125\" src=\"https:\/\/colosseo.it\/sito\/wp-content\/uploads\/2025\/07\/Chiusura_anticipata_14-luglio-2025-576x1024.jpg\" alt=\"\" width=\"576\" height=\"1024\" srcset=\"https:\/\/colosseo.it\/sito\/wp-content\/uploads\/2025\/07\/Chiusura_anticipata_14-luglio-2025-576x1024.jpg 576w, https:\/\/colosseo.it\/sito\/wp-content\/uploads\/2025\/07\/Chiusura_anticipata_14-luglio-2025-169x300.jpg 169w, https:\/\/colosseo.it\/sito\/wp-content\/uploads\/2025\/07\/Chiusura_anticipata_14-luglio-2025-768x1365.jpg 768w, https:\/\/colosseo.it\/sito\/wp-content\/uploads\/2025\/07\/Chiusura_anticipata_14-luglio-2025-864x1536.jpg 864w, https:\/\/colosseo.it\/sito\/wp-content\/uploads\/2025\/07\/Chiusura_anticipata_14-luglio-2025-563x1000.jpg 563w, https:\/\/colosseo.it\/sito\/wp-content\/uploads\/2025\/07\/Chiusura_anticipata_14-luglio-2025.jpg 1080w\" sizes=\"(max-width: 576px) 100vw, 576px\" \/><\/a><\/p>\n","protected":false},"excerpt":{"rendered":"<p>Para permitir la celebraci\u00f3n de un acto previsto para el 14 de julio, ser\u00e1 necesario cerrar la entrada al Carcere Mamertino en las fechas siguientes: 1, 2, 3, 4, 13, 14, 17, 18, 19 y 20 de julio. Todas las dem\u00e1s entradas permanecer\u00e1n abiertas. El 14 de julio, el Foro Romano y el Palatino cerrar\u00e1n<a class=\"excerpt-read-more\" href=\"https:\/\/colosseo.it\/es\/2025\/07\/cierre-anticipado-14-julio\/\" title=\"ReadCambios en el acceso debido a un evento (1-20 de julio) y cierre anticipado del Foro Romano y el Palatino (14 de julio)\">&#8230; Read more &raquo;<\/a><\/p>\n","protected":false},"author":19,"featured_media":0,"comment_status":"closed","ping_status":"closed","sticky":false,"template":"","format":"standard","meta":[],"categories":[71],"tags":[],"acf":[],"_links":{"self":[{"href":"https:\/\/colosseo.it\/es\/wp-json\/wp\/v2\/posts\/52069"}],"collection":[{"href":"https:\/\/colosseo.it\/es\/wp-json\/wp\/v2\/posts"}],"about":[{"href":"https:\/\/colosseo.it\/es\/wp-json\/wp\/v2\/types\/post"}],"author":[{"embeddable":true,"href":"https:\/\/colosseo.it\/es\/wp-json\/wp\/v2\/users\/19"}],"replies":[{"embeddable":true,"href":"https:\/\/colosseo.it\/es\/wp-json\/wp\/v2\/comments?post=52069"}],"version-history":[{"count":3,"href":"https:\/\/colosseo.it\/es\/wp-json\/wp\/v2\/posts\/52069\/revisions"}],"predecessor-version":[{"id":52155,"href":"https:\/\/colosseo.it\/es\/wp-json\/wp\/v2\/posts\/52069\/revisions\/52155"}],"wp:attachment":[{"href":"https:\/\/colosseo.it\/es\/wp-json\/wp\/v2\/media?parent=52069"}],"wp:term":[{"taxonomy":"category","embeddable":true,"href":"https:\/\/colosseo.it\/es\/wp-json\/wp\/v2\/categories?post=52069"},{"taxonomy":"post_tag","embeddable":true,"href":"https:\/\/colosseo.it\/es\/wp-json\/wp\/v2\/tags?post=52069"}],"curies":[{"name":"wp","href":"https:\/\/api.w.org\/{rel}","templated":true}]}}