	
    {"id":52070,"date":"2025-07-01T08:55:05","date_gmt":"2025-07-01T06:55:05","guid":{"rendered":"https:\/\/colosseo.it\/?p=52070"},"modified":"2025-07-01T08:55:05","modified_gmt":"2025-07-01T06:55:05","slug":"cambios-en-los-accesos-debido-a-la-celebracion-de-un-evento-1-20-de-julio-y-al-cierre-anticipado-del-foro-romano-14-de-julio","status":"publish","type":"post","link":"https:\/\/colosseo.it\/es\/2025\/07\/cambios-en-los-accesos-debido-a-la-celebracion-de-un-evento-1-20-de-julio-y-al-cierre-anticipado-del-foro-romano-14-de-julio\/","title":{"rendered":"Cambios en los accesos debido a la celebraci\u00f3n de un evento (1-20 de julio) y al cierre anticipado del Foro Romano (14 de julio)"},"content":{"rendered":"<p>Para permitir la organizaci\u00f3n de un evento previsto para el 14 de julio, ser\u00e1 necesario cerrar la entrada al Carcere Mamertino en las siguientes fechas<\/p>\n<p><strong>1, 2, 3, 4, 13, 14, 17, 18, 19 y 20 de julio.<\/strong><\/p>\n<p>Todas las dem\u00e1s entradas permanecer\u00e1n abiertas.<\/p>\n<p>El 14 de julio, el Foro Romano cerrar\u00e1 antes de las 14.00 horas.<br \/>\nLas taquillas del Foro Romano y del Palatino cerrar\u00e1n a las 16.00 horas.<br \/>\nEl Coliseo permanecer\u00e1 abierto regularmente hasta las 19.15 horas (\u00faltima entrada a las 18.15 horas) y las taquillas seguir\u00e1n disponibles para necesidades especiales (no para la venta regular).<\/p>\n<p>&nbsp;<\/p>\n","protected":false},"excerpt":{"rendered":"<p>Para permitir la organizaci\u00f3n de un evento previsto para el 14 de julio, ser\u00e1 necesario cerrar la entrada al Carcere Mamertino en las siguientes fechas 1, 2, 3, 4, 13, 14, 17, 18, 19 y 20 de julio. Todas las dem\u00e1s entradas permanecer\u00e1n abiertas. El 14 de julio, el Foro Romano cerrar\u00e1 antes de las<a class=\"excerpt-read-more\" href=\"https:\/\/colosseo.it\/es\/2025\/07\/cambios-en-los-accesos-debido-a-la-celebracion-de-un-evento-1-20-de-julio-y-al-cierre-anticipado-del-foro-romano-14-de-julio\/\" title=\"ReadCambios en los accesos debido a la celebraci\u00f3n de un evento (1-20 de julio) y al cierre anticipado del Foro Romano (14 de julio)\">&#8230; Read more &raquo;<\/a><\/p>\n","protected":false},"author":19,"featured_media":0,"comment_status":"closed","ping_status":"closed","sticky":false,"template":"","format":"standard","meta":[],"categories":[71],"tags":[],"acf":[],"_links":{"self":[{"href":"https:\/\/colosseo.it\/es\/wp-json\/wp\/v2\/posts\/52070"}],"collection":[{"href":"https:\/\/colosseo.it\/es\/wp-json\/wp\/v2\/posts"}],"about":[{"href":"https:\/\/colosseo.it\/es\/wp-json\/wp\/v2\/types\/post"}],"author":[{"embeddable":true,"href":"https:\/\/colosseo.it\/es\/wp-json\/wp\/v2\/users\/19"}],"replies":[{"embeddable":true,"href":"https:\/\/colosseo.it\/es\/wp-json\/wp\/v2\/comments?post=52070"}],"version-history":[{"count":1,"href":"https:\/\/colosseo.it\/es\/wp-json\/wp\/v2\/posts\/52070\/revisions"}],"predecessor-version":[{"id":52072,"href":"https:\/\/colosseo.it\/es\/wp-json\/wp\/v2\/posts\/52070\/revisions\/52072"}],"wp:attachment":[{"href":"https:\/\/colosseo.it\/es\/wp-json\/wp\/v2\/media?parent=52070"}],"wp:term":[{"taxonomy":"category","embeddable":true,"href":"https:\/\/colosseo.it\/es\/wp-json\/wp\/v2\/categories?post=52070"},{"taxonomy":"post_tag","embeddable":true,"href":"https:\/\/colosseo.it\/es\/wp-json\/wp\/v2\/tags?post=52070"}],"curies":[{"name":"wp","href":"https:\/\/api.w.org\/{rel}","templated":true}]}}