	
    {"id":52417,"date":"2025-09-04T17:49:30","date_gmt":"2025-09-04T15:49:30","guid":{"rendered":"https:\/\/colosseo.it\/?p=52417"},"modified":"2025-09-04T17:49:30","modified_gmt":"2025-09-04T15:49:30","slug":"cierre-temporal-de-la-curia-julia-9-10-de-septiembre-de-2025","status":"publish","type":"post","link":"https:\/\/colosseo.it\/es\/2025\/09\/cierre-temporal-de-la-curia-julia-9-10-de-septiembre-de-2025\/","title":{"rendered":"Cierre temporal de la Curia Julia (9-10 de septiembre de 2025)"},"content":{"rendered":"<p style=\"text-align: justify;\">Los d\u00edas <strong>martes 9 y mi\u00e9rcoles 10 de septiembre de 2025<\/strong>, la <strong>Curia Iulia<\/strong> permanecer\u00e1 cerrada al p\u00fablico para permitir la finalizaci\u00f3n de importantes actividades programadas, destinadas a la restauraci\u00f3n, mediante esc\u00e1ner l\u00e1ser.<\/p>\n<p style=\"text-align: justify;\">Por lo tanto, la secci\u00f3n de la exposici\u00f3n \u00ab<strong>Magna Mater. De Roma a Zama<\/strong>\u00bb que se encuentra en la Curia no estar\u00e1 abierta al p\u00fablico.<\/p>\n<p style=\"text-align: justify;\"><strong>La Curia volver\u00e1 a abrir al p\u00fablico el jueves 11 de septiembre de 2025.<\/strong><\/p>\n<p>&nbsp;<\/p>\n<p>&nbsp;<\/p>\n","protected":false},"excerpt":{"rendered":"<p>Los d\u00edas martes 9 y mi\u00e9rcoles 10 de septiembre de 2025, la Curia Iulia permanecer\u00e1 cerrada al p\u00fablico para permitir la finalizaci\u00f3n de importantes actividades programadas, destinadas a la restauraci\u00f3n, mediante esc\u00e1ner l\u00e1ser. Por lo tanto, la secci\u00f3n de la exposici\u00f3n \u00abMagna Mater. De Roma a Zama\u00bb que se encuentra en la Curia no estar\u00e1<a class=\"excerpt-read-more\" href=\"https:\/\/colosseo.it\/es\/2025\/09\/cierre-temporal-de-la-curia-julia-9-10-de-septiembre-de-2025\/\" title=\"ReadCierre temporal de la Curia Julia (9-10 de septiembre de 2025)\">&#8230; Read more &raquo;<\/a><\/p>\n","protected":false},"author":19,"featured_media":22842,"comment_status":"closed","ping_status":"closed","sticky":false,"template":"","format":"standard","meta":[],"categories":[71],"tags":[],"acf":[],"_links":{"self":[{"href":"https:\/\/colosseo.it\/es\/wp-json\/wp\/v2\/posts\/52417"}],"collection":[{"href":"https:\/\/colosseo.it\/es\/wp-json\/wp\/v2\/posts"}],"about":[{"href":"https:\/\/colosseo.it\/es\/wp-json\/wp\/v2\/types\/post"}],"author":[{"embeddable":true,"href":"https:\/\/colosseo.it\/es\/wp-json\/wp\/v2\/users\/19"}],"replies":[{"embeddable":true,"href":"https:\/\/colosseo.it\/es\/wp-json\/wp\/v2\/comments?post=52417"}],"version-history":[{"count":1,"href":"https:\/\/colosseo.it\/es\/wp-json\/wp\/v2\/posts\/52417\/revisions"}],"predecessor-version":[{"id":52421,"href":"https:\/\/colosseo.it\/es\/wp-json\/wp\/v2\/posts\/52417\/revisions\/52421"}],"wp:featuredmedia":[{"embeddable":true,"href":"https:\/\/colosseo.it\/es\/wp-json\/wp\/v2\/media\/22842"}],"wp:attachment":[{"href":"https:\/\/colosseo.it\/es\/wp-json\/wp\/v2\/media?parent=52417"}],"wp:term":[{"taxonomy":"category","embeddable":true,"href":"https:\/\/colosseo.it\/es\/wp-json\/wp\/v2\/categories?post=52417"},{"taxonomy":"post_tag","embeddable":true,"href":"https:\/\/colosseo.it\/es\/wp-json\/wp\/v2\/tags?post=52417"}],"curies":[{"name":"wp","href":"https:\/\/api.w.org\/{rel}","templated":true}]}}