	
    {"id":52515,"date":"2025-09-14T20:58:40","date_gmt":"2025-09-14T18:58:40","guid":{"rendered":"https:\/\/colosseo.it\/?p=52515"},"modified":"2025-09-14T20:58:40","modified_gmt":"2025-09-14T18:58:40","slug":"museo-del-foro-romano-temporalmente-cerrado-15-16-de-septiembre-de-2025","status":"publish","type":"post","link":"https:\/\/colosseo.it\/es\/2025\/09\/museo-del-foro-romano-temporalmente-cerrado-15-16-de-septiembre-de-2025\/","title":{"rendered":"Museo del Foro Romano temporalmente cerrado (15-16 de septiembre de 2025)"},"content":{"rendered":"<p><strong>El lunes 15 y el martes 16 de septiembre<\/strong>, el Museo del Foro Romano permanecer\u00e1 cerrado al p\u00fablico debido a eventos institucionales.<\/p>\n<p>Disculpen las molestias.<\/p>\n<p>El museo volver\u00e1 a abrir con normalidad el mi\u00e9rcoles 17 de septiembre de 2025.<\/p>\n","protected":false},"excerpt":{"rendered":"<p>El lunes 15 y el martes 16 de septiembre, el Museo del Foro Romano permanecer\u00e1 cerrado al p\u00fablico debido a eventos institucionales. Disculpen las molestias. El museo volver\u00e1 a abrir con normalidad el mi\u00e9rcoles 17 de septiembre de 2025.<\/p>\n","protected":false},"author":19,"featured_media":36219,"comment_status":"closed","ping_status":"closed","sticky":false,"template":"","format":"standard","meta":[],"categories":[71],"tags":[],"acf":[],"_links":{"self":[{"href":"https:\/\/colosseo.it\/es\/wp-json\/wp\/v2\/posts\/52515"}],"collection":[{"href":"https:\/\/colosseo.it\/es\/wp-json\/wp\/v2\/posts"}],"about":[{"href":"https:\/\/colosseo.it\/es\/wp-json\/wp\/v2\/types\/post"}],"author":[{"embeddable":true,"href":"https:\/\/colosseo.it\/es\/wp-json\/wp\/v2\/users\/19"}],"replies":[{"embeddable":true,"href":"https:\/\/colosseo.it\/es\/wp-json\/wp\/v2\/comments?post=52515"}],"version-history":[{"count":1,"href":"https:\/\/colosseo.it\/es\/wp-json\/wp\/v2\/posts\/52515\/revisions"}],"predecessor-version":[{"id":52518,"href":"https:\/\/colosseo.it\/es\/wp-json\/wp\/v2\/posts\/52515\/revisions\/52518"}],"wp:featuredmedia":[{"embeddable":true,"href":"https:\/\/colosseo.it\/es\/wp-json\/wp\/v2\/media\/36219"}],"wp:attachment":[{"href":"https:\/\/colosseo.it\/es\/wp-json\/wp\/v2\/media?parent=52515"}],"wp:term":[{"taxonomy":"category","embeddable":true,"href":"https:\/\/colosseo.it\/es\/wp-json\/wp\/v2\/categories?post=52515"},{"taxonomy":"post_tag","embeddable":true,"href":"https:\/\/colosseo.it\/es\/wp-json\/wp\/v2\/tags?post=52515"}],"curies":[{"name":"wp","href":"https:\/\/api.w.org\/{rel}","templated":true}]}}