	
    {"id":52578,"date":"2025-09-29T16:03:03","date_gmt":"2025-09-29T14:03:03","guid":{"rendered":"https:\/\/colosseo.it\/?p=52578"},"modified":"2025-10-25T10:50:01","modified_gmt":"2025-10-25T08:50:01","slug":"cierre-del-coliseo-el-28-de-octubre-de-2025","status":"publish","type":"post","link":"https:\/\/colosseo.it\/es\/2025\/09\/cierre-del-coliseo-el-28-de-octubre-de-2025\/","title":{"rendered":"Cierre del Coliseo y cierre anticipado del Foro Romano y del Palatino el 28 de octubre de 2025"},"content":{"rendered":"<p>La Jefatura de Polic\u00eda de Roma ha dispuesto el martes 28 de octubre de 2025 el cierre del Coliseo al p\u00fablico con motivo de la celebraci\u00f3n del Encuentro Internacional de Di\u00e1logo y Oraci\u00f3n por la Paz organizado por Sant&#8217;Egidio, en presencia del Papa Le\u00f3n XIV.<\/p>\n<p>La zona arqueol\u00f3gica del Foro Romano &#8211; Palatino estar\u00e1 abierta de 9:00 a 13:00 (\u00faltima entrada del p\u00fablico a las 12:00).<\/p>\n<p>Solo estar\u00e1n abiertos los accesos<br \/>\n\u2022 Largo della Salara Vecchia<br \/>\n\u2022 Foro Romano n.\u00ba 1<br \/>\n\u2022 Prisi\u00f3n Mamertina<br \/>\n\u2022 Columna Traiana<\/p>\n<p>Estar\u00e1n CERRADOS los accesos de<br \/>\n\u2022 Via di San Gregorio<br \/>\n\u2022 Arco de Tito<br \/>\n\u2022 Salida de la Bas\u00edlica de Majencio<\/p>\n<p>No ser\u00e1n accesibles al p\u00fablico el Templo de Venus y Roma, la zona cercana al Arco de Tito y las laderas orientales del Palatino.<\/p>\n<p>Las entradas de tipo Forum Pass SUPER se vender\u00e1n exclusivamente en la taquilla de Largo della Salara Vecchia y en la taquilla del Foro Romano n.\u00ba 1.<\/p>\n","protected":false},"excerpt":{"rendered":"<p>La Jefatura de Polic\u00eda de Roma ha dispuesto el martes 28 de octubre de 2025 el cierre del Coliseo al p\u00fablico con motivo de la celebraci\u00f3n del Encuentro Internacional de Di\u00e1logo y Oraci\u00f3n por la Paz organizado por Sant&#8217;Egidio, en presencia del Papa Le\u00f3n XIV. La zona arqueol\u00f3gica del Foro Romano &#8211; Palatino estar\u00e1 abierta<a class=\"excerpt-read-more\" href=\"https:\/\/colosseo.it\/es\/2025\/09\/cierre-del-coliseo-el-28-de-octubre-de-2025\/\" title=\"ReadCierre del Coliseo y cierre anticipado del Foro Romano y del Palatino el 28 de octubre de 2025\">&#8230; Read more &raquo;<\/a><\/p>\n","protected":false},"author":19,"featured_media":0,"comment_status":"closed","ping_status":"closed","sticky":false,"template":"","format":"standard","meta":[],"categories":[71],"tags":[],"acf":[],"_links":{"self":[{"href":"https:\/\/colosseo.it\/es\/wp-json\/wp\/v2\/posts\/52578"}],"collection":[{"href":"https:\/\/colosseo.it\/es\/wp-json\/wp\/v2\/posts"}],"about":[{"href":"https:\/\/colosseo.it\/es\/wp-json\/wp\/v2\/types\/post"}],"author":[{"embeddable":true,"href":"https:\/\/colosseo.it\/es\/wp-json\/wp\/v2\/users\/19"}],"replies":[{"embeddable":true,"href":"https:\/\/colosseo.it\/es\/wp-json\/wp\/v2\/comments?post=52578"}],"version-history":[{"count":3,"href":"https:\/\/colosseo.it\/es\/wp-json\/wp\/v2\/posts\/52578\/revisions"}],"predecessor-version":[{"id":52818,"href":"https:\/\/colosseo.it\/es\/wp-json\/wp\/v2\/posts\/52578\/revisions\/52818"}],"wp:attachment":[{"href":"https:\/\/colosseo.it\/es\/wp-json\/wp\/v2\/media?parent=52578"}],"wp:term":[{"taxonomy":"category","embeddable":true,"href":"https:\/\/colosseo.it\/es\/wp-json\/wp\/v2\/categories?post=52578"},{"taxonomy":"post_tag","embeddable":true,"href":"https:\/\/colosseo.it\/es\/wp-json\/wp\/v2\/tags?post=52578"}],"curies":[{"name":"wp","href":"https:\/\/api.w.org\/{rel}","templated":true}]}}