	
    {"id":52734,"date":"2025-10-09T11:17:49","date_gmt":"2025-10-09T09:17:49","guid":{"rendered":"https:\/\/colosseo.it\/?p=52734"},"modified":"2025-10-09T11:17:49","modified_gmt":"2025-10-09T09:17:49","slug":"museo-del-foro-romano-temporalmente-cerrado-10-de-octubre-de-2025","status":"publish","type":"post","link":"https:\/\/colosseo.it\/es\/2025\/10\/museo-del-foro-romano-temporalmente-cerrado-10-de-octubre-de-2025\/","title":{"rendered":"Museo del Foro Romano temporalmente cerrado (10 de octubre de 2025)"},"content":{"rendered":"<p><strong>El viernes 10 de octubre de 2025, el Museo del Foro Romano cerrar\u00e1 a las 11:00.<\/strong><\/p>\n<p>Disculpen las molestias.<\/p>\n<p>El museo volver\u00e1 a abrir con normalidad el s\u00e1bado 11 de octubre de 2025.<\/p>\n","protected":false},"excerpt":{"rendered":"<p>El viernes 10 de octubre de 2025, el Museo del Foro Romano cerrar\u00e1 a las 11:00. Disculpen las molestias. El museo volver\u00e1 a abrir con normalidad el s\u00e1bado 11 de octubre de 2025.<\/p>\n","protected":false},"author":19,"featured_media":36219,"comment_status":"closed","ping_status":"closed","sticky":false,"template":"","format":"standard","meta":[],"categories":[71],"tags":[],"acf":[],"_links":{"self":[{"href":"https:\/\/colosseo.it\/es\/wp-json\/wp\/v2\/posts\/52734"}],"collection":[{"href":"https:\/\/colosseo.it\/es\/wp-json\/wp\/v2\/posts"}],"about":[{"href":"https:\/\/colosseo.it\/es\/wp-json\/wp\/v2\/types\/post"}],"author":[{"embeddable":true,"href":"https:\/\/colosseo.it\/es\/wp-json\/wp\/v2\/users\/19"}],"replies":[{"embeddable":true,"href":"https:\/\/colosseo.it\/es\/wp-json\/wp\/v2\/comments?post=52734"}],"version-history":[{"count":1,"href":"https:\/\/colosseo.it\/es\/wp-json\/wp\/v2\/posts\/52734\/revisions"}],"predecessor-version":[{"id":52737,"href":"https:\/\/colosseo.it\/es\/wp-json\/wp\/v2\/posts\/52734\/revisions\/52737"}],"wp:featuredmedia":[{"embeddable":true,"href":"https:\/\/colosseo.it\/es\/wp-json\/wp\/v2\/media\/36219"}],"wp:attachment":[{"href":"https:\/\/colosseo.it\/es\/wp-json\/wp\/v2\/media?parent=52734"}],"wp:term":[{"taxonomy":"category","embeddable":true,"href":"https:\/\/colosseo.it\/es\/wp-json\/wp\/v2\/categories?post=52734"},{"taxonomy":"post_tag","embeddable":true,"href":"https:\/\/colosseo.it\/es\/wp-json\/wp\/v2\/tags?post=52734"}],"curies":[{"name":"wp","href":"https:\/\/api.w.org\/{rel}","templated":true}]}}