	
    {"id":54695,"date":"2026-03-16T17:10:18","date_gmt":"2026-03-16T16:10:18","guid":{"rendered":"https:\/\/colosseo.it\/?p=54695"},"modified":"2026-03-16T17:10:18","modified_gmt":"2026-03-16T16:10:18","slug":"cierre-de-la-zona-arqueologica-de-los-foros-imperiales-el-martes-17-de-marzo-de-2026-hasta-las-1030","status":"publish","type":"post","link":"https:\/\/colosseo.it\/es\/2026\/03\/cierre-de-la-zona-arqueologica-de-los-foros-imperiales-el-martes-17-de-marzo-de-2026-hasta-las-1030\/","title":{"rendered":"Cierre de la zona arqueol\u00f3gica de los Foros Imperiales el martes 17 de marzo de 2026 hasta las 10:30"},"content":{"rendered":"<p>Con motivo de la ceremonia que tendr\u00e1 lugar en el Altar de la Patria, en presencia del presidente de la Rep\u00fablica, Sergio Mattarella, con motivo de la 165.\u00aa Jornada de la Unidad Nacional, la Constituci\u00f3n, el Himno y la Bandera, <strong>el martes 17 de marzo de 2026, de 9:45 a 10:30, la zona arqueol\u00f3gica de los Foros Imperiales y el acceso desde la Columna de Trajano permanecer\u00e1n cerrados al p\u00fablico<\/strong>.<\/p>\n<p>Para obtener informaci\u00f3n y actualizaciones en tiempo real, se recomienda consultar <a href=\"http:\/\/romamobilita.it\">romamobilita.it<\/a><\/p>\n","protected":false},"excerpt":{"rendered":"<p>Con motivo de la ceremonia que tendr\u00e1 lugar en el Altar de la Patria, en presencia del presidente de la Rep\u00fablica, Sergio Mattarella, con motivo de la 165.\u00aa Jornada de la Unidad Nacional, la Constituci\u00f3n, el Himno y la Bandera, el martes 17 de marzo de 2026, de 9:45 a 10:30, la zona arqueol\u00f3gica de<a class=\"excerpt-read-more\" href=\"https:\/\/colosseo.it\/es\/2026\/03\/cierre-de-la-zona-arqueologica-de-los-foros-imperiales-el-martes-17-de-marzo-de-2026-hasta-las-1030\/\" title=\"ReadCierre de la zona arqueol\u00f3gica de los Foros Imperiales el martes 17 de marzo de 2026 hasta las 10:30\">&#8230; Read more &raquo;<\/a><\/p>\n","protected":false},"author":19,"featured_media":0,"comment_status":"closed","ping_status":"closed","sticky":false,"template":"","format":"standard","meta":[],"categories":[71],"tags":[],"acf":[],"_links":{"self":[{"href":"https:\/\/colosseo.it\/es\/wp-json\/wp\/v2\/posts\/54695"}],"collection":[{"href":"https:\/\/colosseo.it\/es\/wp-json\/wp\/v2\/posts"}],"about":[{"href":"https:\/\/colosseo.it\/es\/wp-json\/wp\/v2\/types\/post"}],"author":[{"embeddable":true,"href":"https:\/\/colosseo.it\/es\/wp-json\/wp\/v2\/users\/19"}],"replies":[{"embeddable":true,"href":"https:\/\/colosseo.it\/es\/wp-json\/wp\/v2\/comments?post=54695"}],"version-history":[{"count":1,"href":"https:\/\/colosseo.it\/es\/wp-json\/wp\/v2\/posts\/54695\/revisions"}],"predecessor-version":[{"id":54697,"href":"https:\/\/colosseo.it\/es\/wp-json\/wp\/v2\/posts\/54695\/revisions\/54697"}],"wp:attachment":[{"href":"https:\/\/colosseo.it\/es\/wp-json\/wp\/v2\/media?parent=54695"}],"wp:term":[{"taxonomy":"category","embeddable":true,"href":"https:\/\/colosseo.it\/es\/wp-json\/wp\/v2\/categories?post=54695"},{"taxonomy":"post_tag","embeddable":true,"href":"https:\/\/colosseo.it\/es\/wp-json\/wp\/v2\/tags?post=54695"}],"curies":[{"name":"wp","href":"https:\/\/api.w.org\/{rel}","templated":true}]}}